{"id":17657,"date":"2023-10-17T21:20:36","date_gmt":"2023-10-17T19:20:36","guid":{"rendered":"http:\/\/euwps05.newsmemory.com\/chiesedisicilia\/news\/?p=17657"},"modified":"2023-10-19T21:21:11","modified_gmt":"2022-12-23T21:21:11","slug":"tutela-minori-e-persone-vulnerabili-incontro-di-formazione-ai-sacerdoti-e-agli-insegnanti","status":"publish","type":"post","link":"https:\/\/www.chiesedisicilia.org\/2023\/10\/17\/tutela-minori-e-persone-vulnerabili-incontro-di-formazione-ai-sacerdoti-e-agli-insegnanti\/","title":{"rendered":"TUTELA MINORI E PERSONE VULNERABILI. INCONTRO DI FORMAZIONE AI SACERDOTI E AGLI INSEGNANTI"},"content":{"rendered":"<p>Promosso dal servizio diocesano tutela minori e persone vulnerabili\u00a0l&#8217;incontro di formazione ai sacerdoti della diocesi di Acireale\u00a0si \u00e8 svolto nel corso della mattina di marted\u00ec 17 ottobre all&#8217;OASI di Aci Sant&#8217;Antonio. A guidarlo\u00a0don Fortunato Di Noto, della diocesi netina, presidente dell&#8217;associazione Meter e Responsabile dello Sportello regionale del servizio Tutela dei minori.<\/p>\n<p><img alt=\"TUTELA MINORI E PERSONE VULNERABILI. INCONTRO DI FORMAZIONE AI SACERDOTI E AGLI INSEGNANTI\" title=\"TUTELA MINORI E PERSONE VULNERABILI. INCONTRO DI FORMAZIONE AI SACERDOTI E AGLI INSEGNANTI\" loading=\"lazy\" class=\"size-medium wp-image-17658 alignleft\" src=\"https:\/\/www.chiesedisicilia.org\/chiesedisicilia\/news\/wp-content\/uploads\/sites\/2\/2023\/10\/TUTELA-MINORI-1.jpeg\" alt=\"\" width=\"300\" height=\"225\" srcset=\"https:\/\/euwps05.newsmemory.com\/chiesedisicilia\/news\/wp-content\/uploads\/sites\/2\/2023\/10\/TUTELA-MINORI-1.jpeg 2560w, https:\/\/euwps05.newsmemory.com\/chiesedisicilia\/news\/wp-content\/uploads\/sites\/2\/2023\/10\/TUTELA-MINORI-1-300x225.jpeg 300w, https:\/\/euwps05.newsmemory.com\/chiesedisicilia\/news\/wp-content\/uploads\/sites\/2\/2023\/10\/TUTELA-MINORI-1-1024x768.jpeg 1024w, https:\/\/euwps05.newsmemory.com\/chiesedisicilia\/news\/wp-content\/uploads\/sites\/2\/2023\/10\/TUTELA-MINORI-1-768x576.jpeg 768w, https:\/\/euwps05.newsmemory.com\/chiesedisicilia\/news\/wp-content\/uploads\/sites\/2\/2023\/10\/TUTELA-MINORI-1-1536x1152.jpeg 1536w, https:\/\/euwps05.newsmemory.com\/chiesedisicilia\/news\/wp-content\/uploads\/sites\/2\/2023\/10\/TUTELA-MINORI-1-2048x1536.jpeg 2048w, https:\/\/euwps05.newsmemory.com\/chiesedisicilia\/news\/wp-content\/uploads\/sites\/2\/2023\/10\/TUTELA-MINORI-1-750x563.jpeg 750w\" sizes=\"(max-width: 300px) 100vw, 300px\" \/>Per il vescovo mons. Antonino Raspanti, presente all&#8217;incontro, &#8220;<em>Il problema \u00e8 ancora presente nella Chiesa e nella societ\u00e0, anche perch\u00e9 la situazione \u00e8 complessa. Non si parla solo si pedopornografia ma anche di pedocriminalit\u00e0. La priorit\u00e0 della Chiesa <\/em>&#8211; ha detto &#8211; <em>\u00e8 ascoltare, tutelare, proteggere i fragili e i deboli. La situazione \u00e8 complessa ed \u00e8 ancora aperta anche nel campo della psicologia e della medicina. Anche la Chiesa deve imparare dai propri errori e non ignorare i fattori di allerta. La Chiesa \u00e8 povera per i poveri ed anche bambina per i bambini. Impegniamoci alla prevenzione e formazione<\/em>&#8220;.<\/p>\n<p>Nello stesso giorno, nel pomeriggio, il servizio diocesano tutela minori e persone vulnerabili insieme all&#8217;ufficio per la Pastorale scolastica e Insegnamento della Religione Cattolica nell&#8217;aula magna del Liceo Statale &#8220;Leonardo&#8221; di Giarre, sempre con don Di Noto, ha organizzato l&#8217;incontro dal titolo\u00a0<strong>&#8220;La cura e la tutela dei minori nella scuola e nei luoghi di aggregazione<\/strong>&#8220;.<\/p>\n<p><img alt=\"TUTELA MINORI E PERSONE VULNERABILI. INCONTRO DI FORMAZIONE AI SACERDOTI E AGLI INSEGNANTI\" title=\"TUTELA MINORI E PERSONE VULNERABILI. INCONTRO DI FORMAZIONE AI SACERDOTI E AGLI INSEGNANTI\" loading=\"lazy\" class=\"size-medium wp-image-17659 alignright\" src=\"https:\/\/www.chiesedisicilia.org\/chiesedisicilia\/news\/wp-content\/uploads\/sites\/2\/2023\/10\/TUTELA-MINORI-3.jpeg\" alt=\"\" width=\"300\" height=\"135\" srcset=\"https:\/\/euwps05.newsmemory.com\/chiesedisicilia\/news\/wp-content\/uploads\/sites\/2\/2023\/10\/TUTELA-MINORI-3.jpeg 1280w, https:\/\/euwps05.newsmemory.com\/chiesedisicilia\/news\/wp-content\/uploads\/sites\/2\/2023\/10\/TUTELA-MINORI-3-300x135.jpeg 300w, https:\/\/euwps05.newsmemory.com\/chiesedisicilia\/news\/wp-content\/uploads\/sites\/2\/2023\/10\/TUTELA-MINORI-3-1024x462.jpeg 1024w, https:\/\/euwps05.newsmemory.com\/chiesedisicilia\/news\/wp-content\/uploads\/sites\/2\/2023\/10\/TUTELA-MINORI-3-768x346.jpeg 768w, https:\/\/euwps05.newsmemory.com\/chiesedisicilia\/news\/wp-content\/uploads\/sites\/2\/2023\/10\/TUTELA-MINORI-3-750x338.jpeg 750w\" sizes=\"(max-width: 300px) 100vw, 300px\" \/>Don Fortunato ha posto l&#8217;attenzione dei docenti presenti sulla necessit\u00e0 di prevenzione ed informazione e non solo sulla questione degli abusi commessi.\u00a0Circa 200 gli intervenuti, tra insegnanti di religione cattolica, referenti e dirigenti scolastici, che si sono mostrati sensibili alla tematica ed anche attenti al loro ruolo di educatori nel delicato compito di accompagnare i propri studenti nella crescita sia scolastica che umana e personale. Il modello da seguire diventa, quindi, quello di una scuola che si prende cura e non solo insegna nozioni, di\u00a0una scuola che si interessa dei propri ragazzi.<\/p>\n<p>Don Fortunato ha esortato alla riflessione i partecipanti, invitandoli a maturare in un ascolto consapevole che attenzioni le necessit\u00e0 ed i &#8220;non detti&#8221; dai quali si pu\u00f2 evincere la presenza o meno di un problema. &#8220;<em>Non basta indignarsi davanti alle forme pi\u00f9 eclatanti di violenza ma bisogna affrontare la realt\u00e0 con coraggio per debellare il fenomeno. Insegnanti, sacerdoti, educatori ed operatori pastorali <\/em>&#8211; ha detto don Di Noto &#8211; <em>sono a stretto contatto con i minori. Creiamo una rete che da una parte sia forziere di tutela e dall&#8217;altra strumento di diffusione della conoscenza del fenomeno per prevenire situazioni di sofferenza e dolore<\/em>&#8220;.<\/p>\n","protected":false},"excerpt":{"rendered":"","protected":false},"author":4,"featured_media":17656,"comment_status":"closed","ping_status":"closed","sticky":false,"template":"","format":"standard","meta":[],"categories":[30],"tags":[],"news-destination":[],"news-source":[],"is_homepage":[],"ta_other":[],"_links":{"self":[{"href":"https:\/\/www.chiesedisicilia.org\/chiesedisicilia\/news\/wp-json\/wp\/v2\/posts\/17657"}],"collection":[{"href":"https:\/\/www.chiesedisicilia.org\/chiesedisicilia\/news\/wp-json\/wp\/v2\/posts"}],"about":[{"href":"https:\/\/www.chiesedisicilia.org\/chiesedisicilia\/news\/wp-json\/wp\/v2\/types\/post"}],"author":[{"embeddable":true,"href":"https:\/\/www.chiesedisicilia.org\/chiesedisicilia\/news\/wp-json\/wp\/v2\/users\/4"}],"replies":[{"embeddable":true,"href":"https:\/\/www.chiesedisicilia.org\/chiesedisicilia\/news\/wp-json\/wp\/v2\/comments?post=17657"}],"version-history":[{"count":1,"href":"https:\/\/www.chiesedisicilia.org\/chiesedisicilia\/news\/wp-json\/wp\/v2\/posts\/17657\/revisions"}],"predecessor-version":[{"id":24186,"href":"https:\/\/www.chiesedisicilia.org\/chiesedisicilia\/news\/wp-json\/wp\/v2\/posts\/17657\/revisions\/24186"}],"wp:featuredmedia":[{"embeddable":true,"href":"https:\/\/www.chiesedisicilia.org\/chiesedisicilia\/news\/wp-json\/wp\/v2\/media\/17656"}],"wp:attachment":[{"href":"https:\/\/www.chiesedisicilia.org\/chiesedisicilia\/news\/wp-json\/wp\/v2\/media?parent=17657"}],"wp:term":[{"taxonomy":"category","embeddable":true,"href":"https:\/\/www.chiesedisicilia.org\/chiesedisicilia\/news\/wp-json\/wp\/v2\/categories?post=17657"},{"taxonomy":"post_tag","embeddable":true,"href":"https:\/\/www.chiesedisicilia.org\/chiesedisicilia\/news\/wp-json\/wp\/v2\/tags?post=17657"},{"taxonomy":"news-destination","embeddable":true,"href":"https:\/\/www.chiesedisicilia.org\/chiesedisicilia\/news\/wp-json\/wp\/v2\/news-destination?post=17657"},{"taxonomy":"news-source","embeddable":true,"href":"https:\/\/www.chiesedisicilia.org\/chiesedisicilia\/news\/wp-json\/wp\/v2\/news-source?post=17657"},{"taxonomy":"is_homepage","embeddable":true,"href":"https:\/\/www.chiesedisicilia.org\/chiesedisicilia\/news\/wp-json\/wp\/v2\/is_homepage?post=17657"},{"taxonomy":"ta_other","embeddable":true,"href":"https:\/\/www.chiesedisicilia.org\/chiesedisicilia\/news\/wp-json\/wp\/v2\/ta_other?post=17657"}],"curies":[{"name":"wp","href":"https:\/\/api.w.org\/{rel}","templated":true}]}}