{"id":1747,"date":"2012-05-02T13:32:00","date_gmt":"2012-05-02T11:32:00","guid":{"rendered":"http:\/\/wptestsite.tecnavia.com\/chiesedisicilia_clientsite\/news\/2012\/05\/02\/caltanissetta-la-reliquia-santangela-merici-in-diocesi\/"},"modified":"2018-11-09T11:00:45","modified_gmt":"2018-01-13T11:00:45","slug":"caltanissetta-la-reliquia-santangela-merici-in-diocesi","status":"publish","type":"post","link":"https:\/\/www.chiesedisicilia.org\/2012\/05\/02\/caltanissetta-la-reliquia-santangela-merici-in-diocesi\/","title":{"rendered":"CALTANISSETTA. LA RELIQUIA SANT&#8217;ANGELA MERICI IN DIOCESI"},"content":{"rendered":"<div style=\"text-align: justify; \">Sar\u00e0 presente nella Diocesi di Caltanissetta la reliquia di Sant\u2019Angela Merici. Le Figlie di Sant\u2019Angela, in occasione del passaggio della reliquia della Fondatrice nella Diocesi nissena, hanno predisposto un programma ricco di eventi spirituali e di iniziative di vario genere, che avranno inizio oggi, gioved\u00ec 3 maggio, a San Cataldo. Alle 20, nella Casa Sant\u2019Angela, in Via Garibaldi, sar\u00e0 proiettato il video \u201cUna donna rivoluzionaria\u201d, al termine del quale sar\u00e0 accolta la reliquia, la quale, con una fiaccolata, sar\u00e0 accompagnata verso la Chiesa Madre. Domani, venerd\u00ec 4 maggio, alle 9.30, al Monastero di Santa Chiara, la Santa Messa presieduta dal vescovo, mons. Mario Russotto. Previste poi la visita degli alunni delle scuole, la venerazione della Reliquia e la Veglia di preghiera. La reliquia si sposter\u00e0 poi a Calascibetta, a Mussomeli e a Caltanissetta, in diverse chiese. Domenica, 6 maggio, nella Chiesa Cattedrale, alle 10.30, il vescovo presieder\u00e0 la solenne concelebrazioni eucaristica che sar\u00e0 trasmessa su Rai 1. \u201cLa presenza in diocesi della reliquia di Sant\u2019Angela Merici \u2013 dicono dalla comunit\u00e0 diocesana di Sant\u2019Orsola \u2013 \u00e8 per noi un ulteriore evento di grazia dopo la dichiarazione di Venerabilit\u00e0 della Orsolina sancataldese Marianna Amico Roxas, avvenuta nei mesi scorsi\u201d. [01]<\/div>\n<div>\u00a0<\/div>\n","protected":false},"excerpt":{"rendered":"","protected":false},"author":1,"featured_media":0,"comment_status":"open","ping_status":"open","sticky":false,"template":"","format":"standard","meta":[],"categories":[30],"tags":[],"news-destination":[],"news-source":[],"is_homepage":[],"ta_other":[],"_links":{"self":[{"href":"https:\/\/www.chiesedisicilia.org\/chiesedisicilia\/news\/wp-json\/wp\/v2\/posts\/1747"}],"collection":[{"href":"https:\/\/www.chiesedisicilia.org\/chiesedisicilia\/news\/wp-json\/wp\/v2\/posts"}],"about":[{"href":"https:\/\/www.chiesedisicilia.org\/chiesedisicilia\/news\/wp-json\/wp\/v2\/types\/post"}],"author":[{"embeddable":true,"href":"https:\/\/www.chiesedisicilia.org\/chiesedisicilia\/news\/wp-json\/wp\/v2\/users\/1"}],"replies":[{"embeddable":true,"href":"https:\/\/www.chiesedisicilia.org\/chiesedisicilia\/news\/wp-json\/wp\/v2\/comments?post=1747"}],"version-history":[{"count":1,"href":"https:\/\/www.chiesedisicilia.org\/chiesedisicilia\/news\/wp-json\/wp\/v2\/posts\/1747\/revisions"}],"predecessor-version":[{"id":20232,"href":"https:\/\/www.chiesedisicilia.org\/chiesedisicilia\/news\/wp-json\/wp\/v2\/posts\/1747\/revisions\/20232"}],"wp:attachment":[{"href":"https:\/\/www.chiesedisicilia.org\/chiesedisicilia\/news\/wp-json\/wp\/v2\/media?parent=1747"}],"wp:term":[{"taxonomy":"category","embeddable":true,"href":"https:\/\/www.chiesedisicilia.org\/chiesedisicilia\/news\/wp-json\/wp\/v2\/categories?post=1747"},{"taxonomy":"post_tag","embeddable":true,"href":"https:\/\/www.chiesedisicilia.org\/chiesedisicilia\/news\/wp-json\/wp\/v2\/tags?post=1747"},{"taxonomy":"news-destination","embeddable":true,"href":"https:\/\/www.chiesedisicilia.org\/chiesedisicilia\/news\/wp-json\/wp\/v2\/news-destination?post=1747"},{"taxonomy":"news-source","embeddable":true,"href":"https:\/\/www.chiesedisicilia.org\/chiesedisicilia\/news\/wp-json\/wp\/v2\/news-source?post=1747"},{"taxonomy":"is_homepage","embeddable":true,"href":"https:\/\/www.chiesedisicilia.org\/chiesedisicilia\/news\/wp-json\/wp\/v2\/is_homepage?post=1747"},{"taxonomy":"ta_other","embeddable":true,"href":"https:\/\/www.chiesedisicilia.org\/chiesedisicilia\/news\/wp-json\/wp\/v2\/ta_other?post=1747"}],"curies":[{"name":"wp","href":"https:\/\/api.w.org\/{rel}","templated":true}]}}