{"id":1726,"date":"2011-05-26T11:22:00","date_gmt":"2011-05-26T09:22:00","guid":{"rendered":"http:\/\/wptestsite.tecnavia.com\/chiesedisicilia_clientsite\/news\/2011\/05\/26\/caltanissetta-le-madri-della-citta-il-carisma-femminile-al-servizio-della-citta\/"},"modified":"2018-11-09T11:00:45","modified_gmt":"2018-01-13T11:00:45","slug":"caltanissetta-le-madri-della-citta-il-carisma-femminile-al-servizio-della-citta","status":"publish","type":"post","link":"https:\/\/www.chiesedisicilia.org\/2011\/05\/26\/caltanissetta-le-madri-della-citta-il-carisma-femminile-al-servizio-della-citta\/","title":{"rendered":"CALTANISSETTA. &#8220;LE MADRI DELLA CITTA&#8217;. IL CARISMA FEMMINILE AL SERVIZIO DELLA CITTA'&#8221;"},"content":{"rendered":"<div>\n<div>\n<p class=\"MsoNoSpacing\" style=\"margin: 0cm 0cm 0pt\"><span style=\"font-family: \"Times New Roman\",\"serif\"; font-size: 12pt\">Si svolger\u00e0 oggi e domani, mercoled\u00ec <\/span><span style=\"font-family: \"Times New Roman\",\"serif\"; font-size: 12pt; mso-fareast-font-family: 'Times New Roman'\">25 e <\/span><span style=\"font-family: \"Times New Roman\",\"serif\"; font-size: 12pt\">gioved\u00ec <\/span><span style=\"font-family: \"Times New Roman\",\"serif\"; font-size: 12pt; mso-fareast-font-family: 'Times New Roman'\">26 maggio, alle 17.30, <\/span><span style=\"font-family: \"Times New Roman\",\"serif\"; font-size: 12pt\">nel<\/span><span style=\"font-family: \"Times New Roman\",\"serif\"; font-size: 12pt; mso-fareast-font-family: 'Times New Roman'\">l\u2019Auditorium \u201cMons. Cataldo Naro\u201d della parrocchia San Pietro in Caltanissetta, un <\/span><span style=\"font-family: \"Times New Roman\",\"serif\"; font-size: 12pt\">c<\/span><span style=\"font-family: \"Times New Roman\",\"serif\"; font-size: 12pt; mso-fareast-font-family: 'Times New Roman'\">onvegno<\/span><span style=\"font-family: \"Times New Roman\",\"serif\"; font-size: 12pt\"> nel corso del quale<\/span><span style=\"font-family: \"Times New Roman\",\"serif\"; font-size: 12pt; mso-fareast-font-family: 'Times New Roman'\"> verr\u00e0 presentato il Progetto<\/span><span style=\"font-family: \"Times New Roman\",\"serif\"; font-size: 12pt\"> \u201c<\/span><span style=\"font-family: \"Times New Roman\",\"serif\"; font-size: 12pt; mso-fareast-font-family: 'Times New Roman'\">Le madri della citt\u00e0. Il carisma femminile al servizio della citt\u00e0<\/span><span style=\"font-family: \"Times New Roman\",\"serif\"; font-size: 12pt\">\u201d<\/span><span style=\"font-family: \"Times New Roman\",\"serif\"; font-size: 12pt; mso-fareast-font-family: 'Times New Roman'\">.<\/span><span style=\"font-family: \"Times New Roman\",\"serif\"; font-size: 12pt\"> <\/span><span style=\"font-family: \"Times New Roman\",\"serif\"; font-size: 12pt; mso-fareast-font-family: 'Times New Roman'\">Il Progetto nasce dalla consapevolezza che nella societ\u00e0 contemporanea, contrassegnata da un indebolimento dei legami di prossimit\u00e0, la donna con la sua specificit\u00e0 di genere, che la rende capace di relazioni di accoglienza e di cura, rappresenta un importante \u201csegno dei tempi\u201d.<\/span><span style=\"font-family: \"Times New Roman\",\"serif\"; font-size: 12pt\"> L\u2019appuntamento \u00e8 <\/span><span style=\"font-family: \"Times New Roman\",\"serif\"; font-size: 12pt; mso-fareast-font-family: 'Times New Roman'\">promosso dalla Consulta delle Aggregazioni laicali della Diocesi di Caltanissetta, in collaborazione con la Caritas diocesana, l\u2019Associazione Nuova Civilt\u00e0, l\u2019Associazione Onde Donne in Movimento, il C<\/span><span style=\"font-family: \"Times New Roman\",\"serif\"; font-size: 12pt\">esvop<\/span><span style=\"font-family: \"Times New Roman\",\"serif\"; font-size: 12pt; mso-fareast-font-family: 'Times New Roman'\">, la Cooperativa Terra e Luna, <\/span><span style=\"font-family: \"Times New Roman\",\"serif\"; font-size: 12pt\">e <\/span><span style=\"font-family: \"Times New Roman\",\"serif\"; font-size: 12pt; mso-fareast-font-family: 'Times New Roman'\">costituisce il punto di arrivo di un processo di confronto e di collaborazione tra gruppi ed associazioni che, nel territorio, a vario titolo, operano per la costruzione di una comunit\u00e0 solidale.<\/span><span style=\"font-family: \"Times New Roman\",\"serif\"; font-size: 12pt\"> Oggi, 25 maggio, <\/span><span style=\"font-family: \"Times New Roman\",\"serif\"; font-size: 12pt; mso-fareast-font-family: 'Times New Roman'\">primo giorno del Convegno, verr\u00e0 esaminata la condizione femminile in ambito familiare nel nostro territorio, con le sue criticit\u00e0 e con le sue risorse. <\/span><span style=\"font-family: \"Times New Roman\",\"serif\"; font-size: 12pt\">Domani, <\/span><span style=\"font-family: \"Times New Roman\",\"serif\"; font-size: 12pt; mso-fareast-font-family: 'Times New Roman'\">26 maggio, una lettura biblico &#8211; antropologica sul carisma femminile, alla luce dell\u2019icona biblica della Visitazione di Maria ad Elisabetta (che prende spunto dal commento del nostro Vescovo al brano evangelico, contenuto nel testo \u201cDonne di Vangelo\u201d) guider\u00e0 i partecipanti ad individuare proposte ed ipotesi progettuali per l\u2019immediato futuro.<\/span><span style=\"font-family: \"Times New Roman\",\"serif\"; font-size: 12pt\"> <\/span><span style=\"font-family: \"Times New Roman\",\"serif\"; font-size: 12pt; mso-fareast-font-family: 'Times New Roman'\">Ai due incontri, moderati da Fiorella Falci, a vario titolo interverranno Stefano Vitello, Teresa Piazza, Maria Grazia Pignataro, Paolo Citt\u00e0, Giuseppe Lombardo, Loredana Rosa, Aurelia Speziale, <\/span><span style=\"font-family: \"Times New Roman\",\"serif\"; font-size: 12pt\">s<\/span><span style=\"font-family: \"Times New Roman\",\"serif\"; font-size: 12pt; mso-fareast-font-family: 'Times New Roman'\">uor Chiara Elisa, Gabriella Tomai, Calogero Panepinto e Santina Iacuzzo.<\/span><span style=\"font-family: \"Times New Roman\",\"serif\"; font-size: 12pt\"> <\/span><span style=\"font-family: \"Times New Roman\",\"serif\"; font-size: 12pt; mso-fareast-font-family: 'Times New Roman'\">Il Vicario generale della Diocesi, Mons. Giuseppe La Placa, legger\u00e0 un messaggio del Vescovo impegnato in questi giorni a Roma per la Conferenza Episcopale Italiana.<\/span><span style=\"font-family: \"Times New Roman\",\"serif\"; font-size: 12pt\"> [01]<\/span><span style=\"font-family: \"Times New Roman\",\"serif\"; font-size: 12pt; mso-fareast-font-family: 'Times New Roman'\"><o:p><\/o:p><\/span><\/p>\n<\/div>\n<\/div>\n","protected":false},"excerpt":{"rendered":"","protected":false},"author":1,"featured_media":0,"comment_status":"open","ping_status":"open","sticky":false,"template":"","format":"standard","meta":[],"categories":[30],"tags":[],"news-destination":[],"news-source":[],"is_homepage":[],"ta_other":[],"_links":{"self":[{"href":"https:\/\/www.chiesedisicilia.org\/chiesedisicilia\/news\/wp-json\/wp\/v2\/posts\/1726"}],"collection":[{"href":"https:\/\/www.chiesedisicilia.org\/chiesedisicilia\/news\/wp-json\/wp\/v2\/posts"}],"about":[{"href":"https:\/\/www.chiesedisicilia.org\/chiesedisicilia\/news\/wp-json\/wp\/v2\/types\/post"}],"author":[{"embeddable":true,"href":"https:\/\/www.chiesedisicilia.org\/chiesedisicilia\/news\/wp-json\/wp\/v2\/users\/1"}],"replies":[{"embeddable":true,"href":"https:\/\/www.chiesedisicilia.org\/chiesedisicilia\/news\/wp-json\/wp\/v2\/comments?post=1726"}],"version-history":[{"count":1,"href":"https:\/\/www.chiesedisicilia.org\/chiesedisicilia\/news\/wp-json\/wp\/v2\/posts\/1726\/revisions"}],"predecessor-version":[{"id":20213,"href":"https:\/\/www.chiesedisicilia.org\/chiesedisicilia\/news\/wp-json\/wp\/v2\/posts\/1726\/revisions\/20213"}],"wp:attachment":[{"href":"https:\/\/www.chiesedisicilia.org\/chiesedisicilia\/news\/wp-json\/wp\/v2\/media?parent=1726"}],"wp:term":[{"taxonomy":"category","embeddable":true,"href":"https:\/\/www.chiesedisicilia.org\/chiesedisicilia\/news\/wp-json\/wp\/v2\/categories?post=1726"},{"taxonomy":"post_tag","embeddable":true,"href":"https:\/\/www.chiesedisicilia.org\/chiesedisicilia\/news\/wp-json\/wp\/v2\/tags?post=1726"},{"taxonomy":"news-destination","embeddable":true,"href":"https:\/\/www.chiesedisicilia.org\/chiesedisicilia\/news\/wp-json\/wp\/v2\/news-destination?post=1726"},{"taxonomy":"news-source","embeddable":true,"href":"https:\/\/www.chiesedisicilia.org\/chiesedisicilia\/news\/wp-json\/wp\/v2\/news-source?post=1726"},{"taxonomy":"is_homepage","embeddable":true,"href":"https:\/\/www.chiesedisicilia.org\/chiesedisicilia\/news\/wp-json\/wp\/v2\/is_homepage?post=1726"},{"taxonomy":"ta_other","embeddable":true,"href":"https:\/\/www.chiesedisicilia.org\/chiesedisicilia\/news\/wp-json\/wp\/v2\/ta_other?post=1726"}],"curies":[{"name":"wp","href":"https:\/\/api.w.org\/{rel}","templated":true}]}}