{"id":17230,"date":"2023-07-23T19:46:57","date_gmt":"2023-07-23T17:46:57","guid":{"rendered":"http:\/\/euwps06.newsmemory.com\/chiesedisicilia\/news\/?p=17230"},"modified":"2023-07-23T19:47:02","modified_gmt":"2022-09-26T19:47:02","slug":"il-vescovo-delegato-mons-rumeo-incontra-il-direttivo-della-consulta-regionale-delle-aggregazioni-laicali-di-sicilia","status":"publish","type":"post","link":"https:\/\/www.chiesedisicilia.org\/2023\/07\/23\/il-vescovo-delegato-mons-rumeo-incontra-il-direttivo-della-consulta-regionale-delle-aggregazioni-laicali-di-sicilia\/","title":{"rendered":"IL VESCOVO DELEGATO MONS. RUMEO INCONTRA IL DIRETTIVO DELLA CONSULTA REGIONALE DELLE AGGREGAZIONI LAICALI DI SICILIA"},"content":{"rendered":"<p>Domenica 16 luglio ha avuto luogo presso il Seminario vescovile di Noto il primo incontro in presenza del Consiglio direttivo CRAL di Sicilia (Organismo collegato alla CESi) con Mons. Salvatore Rumeo, Vescovo delegato per il Laicato e le Aggregazioni Laicali Ecclesiali. Era presente anche don Giuseppe Rabita, Direttore della Segreteria pastorale della CESi, da sempre pronto ad accogliere il carisma laicale e a valorizzarlo con cristiana benevolenza. Il tutto in stile sinodale e all\u2019insegna dei crescenti rapporti di comunione, collaborazione e corresponsabilit\u00e0 ecclesiali.<\/p>\n<p>Scopo della mattinata \u00e8 stato quello di volere partecipare e condividere il cammino fin qui condotto dalla CRAL con i suoi impegni gi\u00e0 portati avanti e per il futuro prossimo.<\/p>\n<p>Diversi i punti affrontati:<\/p>\n<p>&#8211; Segnalazione alla CESi una terna di sacerdoti per la nomina dell\u2019Assistente Ecclesiastico;<\/p>\n<p>&#8211; Integrazione del numero dei componenti del Direttivo con figure femminili;<\/p>\n<p>&#8211; Implementazione della segreteria tecnica della CRAL.<\/p>\n<p>In merito al Sito Web della Cral, perch\u00e9 esso possa sempre pi\u00f9 essere significativamente palestra di pensiero e luogo di discernimento \u00e8 nata la necessit\u00e0 di affiancare le persone che si occupano del sito (www.cralsicilia.it) con figure giornalistiche professionali, capaci di conferire un valore aggiunto alla positiva esperienza editoriale.<\/p>\n<p>Necessit\u00e0 di completare la individuazione di collaboratori dei responsabili delle aree vocative per meglio facilitare la conoscenza delle diverse realt\u00e0 ecclesiali aventi medesime finalit\u00e0 statutarie, il confronto, il comune impegno e la elaborazione di proposte e iniziative di pi\u00f9 ampio respiro.<\/p>\n<p>Circa la collaborazione della CRAL con gli Uffici pastorali regionali si \u00e8 convenuto di segnalare 12 nominativi da inserire nei corrispondenti Uffici come interfaccia operativa e sinergica tra CESi e CRAL valorizzando cos\u00ec appieno le reciproche competenze e i diversi carismi presenti nelle 64 Associazioni ecclesiali accreditate.<\/p>\n<p>Dall\u2019incontro sono emerse diverse sollecitazioni:<\/p>\n<p>&#8211; Educarci sempre pi\u00f9 a una spiritualit\u00e0 di comunione per dare alla Chiesa un volto accogliente, uno stile di sobriet\u00e0, una comunit\u00e0 attenta alla storia e responsabile.<\/p>\n<p>&#8211; Lavorare in piena sinergia con i Vescovi e i Direttori degli uffici Pastorali per attuare al contempo la fraternit\u00e0 evangelica e la sinodalit\u00e0 che Papa Francesco non si stanca di raccomandare<\/p>\n<p>&#8211; In collaborazione con l\u2019Ufficio di Pastorale Sociale lavorare alla realizzazione di un Corso di formazione sociopolitico per responsabilizzare ancor di pi\u00f9 il mondo laicale alle problematiche sociali e alle implicazioni politiche per spendersi con maggior consapevolezza nel servizio e nella salvaguardia del bene bene comune e dello sviluppo integrale dell\u2019uomo<\/p>\n<p>&#8211; Chiedere ai Vescovi di nominare o rinnovare i Segretari diocesani per non sottrarre alla Cral la possibilit\u00e0 di avere referenti diocesani al completo ed arricchirsi della preziosit\u00e0 esperienziale ed umana delle diverse diocesi<\/p>\n<p>&#8211; Avviare verifiche ricorrenti all\u2019interno del Direttivo sugli impegni assunti e sui programmi delineati per un confronto chiaro, fraterno, stimolatore e di supporto reciproco per far s\u00ec che veramente la Cral sia organo di rappresentativit\u00e0 del laicato e non organo di mera e sterile rappresentanza<\/p>\n<p>&#8211; Programmare momenti assembleari con la realizzazione di due incontri all\u2019anno (il primo dei quali in autunno, dopo l\u2019evento regionale delle Chiese di Sicilia a \u201cCitt\u00e0 del mare\u201d del prossimo 13-14 Ottobre) e un Pellegrinaggio annuale della Cral ad un Santuario Mariano.<\/p>\n","protected":false},"excerpt":{"rendered":"","protected":false},"author":4,"featured_media":17229,"comment_status":"closed","ping_status":"closed","sticky":false,"template":"","format":"standard","meta":[],"categories":[7],"tags":[],"news-destination":[],"news-source":[],"is_homepage":[],"ta_other":[],"_links":{"self":[{"href":"https:\/\/www.chiesedisicilia.org\/chiesedisicilia\/news\/wp-json\/wp\/v2\/posts\/17230"}],"collection":[{"href":"https:\/\/www.chiesedisicilia.org\/chiesedisicilia\/news\/wp-json\/wp\/v2\/posts"}],"about":[{"href":"https:\/\/www.chiesedisicilia.org\/chiesedisicilia\/news\/wp-json\/wp\/v2\/types\/post"}],"author":[{"embeddable":true,"href":"https:\/\/www.chiesedisicilia.org\/chiesedisicilia\/news\/wp-json\/wp\/v2\/users\/4"}],"replies":[{"embeddable":true,"href":"https:\/\/www.chiesedisicilia.org\/chiesedisicilia\/news\/wp-json\/wp\/v2\/comments?post=17230"}],"version-history":[{"count":1,"href":"https:\/\/www.chiesedisicilia.org\/chiesedisicilia\/news\/wp-json\/wp\/v2\/posts\/17230\/revisions"}],"predecessor-version":[{"id":23942,"href":"https:\/\/www.chiesedisicilia.org\/chiesedisicilia\/news\/wp-json\/wp\/v2\/posts\/17230\/revisions\/23942"}],"wp:featuredmedia":[{"embeddable":true,"href":"https:\/\/www.chiesedisicilia.org\/chiesedisicilia\/news\/wp-json\/wp\/v2\/media\/17229"}],"wp:attachment":[{"href":"https:\/\/www.chiesedisicilia.org\/chiesedisicilia\/news\/wp-json\/wp\/v2\/media?parent=17230"}],"wp:term":[{"taxonomy":"category","embeddable":true,"href":"https:\/\/www.chiesedisicilia.org\/chiesedisicilia\/news\/wp-json\/wp\/v2\/categories?post=17230"},{"taxonomy":"post_tag","embeddable":true,"href":"https:\/\/www.chiesedisicilia.org\/chiesedisicilia\/news\/wp-json\/wp\/v2\/tags?post=17230"},{"taxonomy":"news-destination","embeddable":true,"href":"https:\/\/www.chiesedisicilia.org\/chiesedisicilia\/news\/wp-json\/wp\/v2\/news-destination?post=17230"},{"taxonomy":"news-source","embeddable":true,"href":"https:\/\/www.chiesedisicilia.org\/chiesedisicilia\/news\/wp-json\/wp\/v2\/news-source?post=17230"},{"taxonomy":"is_homepage","embeddable":true,"href":"https:\/\/www.chiesedisicilia.org\/chiesedisicilia\/news\/wp-json\/wp\/v2\/is_homepage?post=17230"},{"taxonomy":"ta_other","embeddable":true,"href":"https:\/\/www.chiesedisicilia.org\/chiesedisicilia\/news\/wp-json\/wp\/v2\/ta_other?post=17230"}],"curies":[{"name":"wp","href":"https:\/\/api.w.org\/{rel}","templated":true}]}}