{"id":1709,"date":"2010-11-22T09:15:00","date_gmt":"2010-11-22T08:15:00","guid":{"rendered":"http:\/\/wptestsite.tecnavia.com\/chiesedisicilia_clientsite\/news\/2010\/11\/22\/caltanissetta-aggregazioni-laicali-5-convegno-diocesano\/"},"modified":"2018-11-09T11:00:44","modified_gmt":"2018-01-13T11:00:44","slug":"caltanissetta-aggregazioni-laicali-5-convegno-diocesano","status":"publish","type":"post","link":"https:\/\/www.chiesedisicilia.org\/2010\/11\/22\/caltanissetta-aggregazioni-laicali-5-convegno-diocesano\/","title":{"rendered":"CALTANISSETTA. AGGREGAZIONI LAICALI: 5\u00b0 CONVEGNO DIOCESANO"},"content":{"rendered":"<div>Oggi e domani, sabato 20 e domenica 21 novembre, nella chiesa Santa Flavia in Caltanissetta, si svolger\u00e0 il V Convegno delle Aggregazioni laicali della Diocesi, sul tema \u201cDalla Parola alla responsabilit\u00e0 per un\u2019azione concreta al servizio del bene comune nel territorio\u201d. La relazione di fondo, sul tema che d\u00e0 il titolo al Convegno stesso, sar\u00e0 tenuta da Edoardo Patriarca, segretario del Comitato scientifico nazionale dell\u2019ultima Settimana Sociale dei Cattolici Italiani che si \u00e8 svolta nel mese di ottobre a Reggio Calabria. La relazione di Patriarca comincer\u00e0 alle 16.30 di oggi, sabato 20 novembre, e sar\u00e0 preceduta alle 16.00 da un momento di preghiera guidato dal vescovo mons. Mario Russotto e dall\u2019introduzione al Convegno di mons. Liborio Campione e di Stefano Vitello, rispettivamente delegato e segretario della Consulta delle Aggregazioni laicali della Diocesi. Moderer\u00e0 l\u2019incontro Michelangelo Patan\u00e8. Alle 17.30 si formeranno i gruppi di sStudio per riflettere sul tema \u201cQuali proposte da parte della comunit\u00e0\u201d. Sono previsti quattro gruppi che declineranno il tema in altrettanti aree tematiche: il primo sar\u00e0 coordinato da Italo Calafiore, Rocco Gumina e i coniugi La Mendola e rifletter\u00e0 su \u201cIl giovane, ricchezza della Chiesa e della Societ\u00e0. Come valorizzare questa risorsa nel nostro territorio?\u201d. Il secondo gruppo, coordinato da Davide Chiarenza, Maria Modica, Alessandro Pilato e Giovanbattista Tona, si confronter\u00e0 su \u201cPer uno sviluppo economico locale basato sulla legalit\u00e0 e sulla creativit\u00e0\u201d. Il terzo gruppo, coordinato da Fausto Marchese, Maurizio Nicosia, Michele Piangiamore e Ferdinando Rovello, affronter\u00e0 il tema \u201cPartecipazione democratica e rigenerazione della politica. Come stimolarle nella nostra provincia?\u201d. L\u2019ultimo gruppo, coordinato da Michele e Carmela Miraglia, Angelo e Marin\u00f9 Pianpiano, Oscar ed Ivana Vancheri, rifletter\u00e0 sul tema \u201cQuali politiche familiari per il nostro territorio?\u201d. La prima giornata del convegno si chiuder\u00e0, alle 20.15 con la Celebrazione eucaristica presieduta dal Vescovo. Domenica 21, alle 9.15 si terr\u00e0 il confronto in Assemblea alla presenza di M. Benava, della Segreteria Regionale della CISL, S. Scir\u00e8, della Presidenza Regionale delle ACLI, e di Marco Venturi, Assessore Regionale alle Attivit\u00e0 Produttive. Moderer\u00e0 il confronto Arcangelo Lacagnina, Presidente dell\u2019Ordine dei Medici di Caltanissetta. Le conclusioni, alle 12, saranno tratte dal segretario della Consulta, Stefano Vitello. [01]<\/p>\n<div>\u00a0<\/div>\n<\/div>\n","protected":false},"excerpt":{"rendered":"","protected":false},"author":1,"featured_media":0,"comment_status":"open","ping_status":"open","sticky":false,"template":"","format":"standard","meta":[],"categories":[30],"tags":[],"news-destination":[],"news-source":[],"is_homepage":[],"ta_other":[],"_links":{"self":[{"href":"https:\/\/www.chiesedisicilia.org\/chiesedisicilia\/news\/wp-json\/wp\/v2\/posts\/1709"}],"collection":[{"href":"https:\/\/www.chiesedisicilia.org\/chiesedisicilia\/news\/wp-json\/wp\/v2\/posts"}],"about":[{"href":"https:\/\/www.chiesedisicilia.org\/chiesedisicilia\/news\/wp-json\/wp\/v2\/types\/post"}],"author":[{"embeddable":true,"href":"https:\/\/www.chiesedisicilia.org\/chiesedisicilia\/news\/wp-json\/wp\/v2\/users\/1"}],"replies":[{"embeddable":true,"href":"https:\/\/www.chiesedisicilia.org\/chiesedisicilia\/news\/wp-json\/wp\/v2\/comments?post=1709"}],"version-history":[{"count":1,"href":"https:\/\/www.chiesedisicilia.org\/chiesedisicilia\/news\/wp-json\/wp\/v2\/posts\/1709\/revisions"}],"predecessor-version":[{"id":20196,"href":"https:\/\/www.chiesedisicilia.org\/chiesedisicilia\/news\/wp-json\/wp\/v2\/posts\/1709\/revisions\/20196"}],"wp:attachment":[{"href":"https:\/\/www.chiesedisicilia.org\/chiesedisicilia\/news\/wp-json\/wp\/v2\/media?parent=1709"}],"wp:term":[{"taxonomy":"category","embeddable":true,"href":"https:\/\/www.chiesedisicilia.org\/chiesedisicilia\/news\/wp-json\/wp\/v2\/categories?post=1709"},{"taxonomy":"post_tag","embeddable":true,"href":"https:\/\/www.chiesedisicilia.org\/chiesedisicilia\/news\/wp-json\/wp\/v2\/tags?post=1709"},{"taxonomy":"news-destination","embeddable":true,"href":"https:\/\/www.chiesedisicilia.org\/chiesedisicilia\/news\/wp-json\/wp\/v2\/news-destination?post=1709"},{"taxonomy":"news-source","embeddable":true,"href":"https:\/\/www.chiesedisicilia.org\/chiesedisicilia\/news\/wp-json\/wp\/v2\/news-source?post=1709"},{"taxonomy":"is_homepage","embeddable":true,"href":"https:\/\/www.chiesedisicilia.org\/chiesedisicilia\/news\/wp-json\/wp\/v2\/is_homepage?post=1709"},{"taxonomy":"ta_other","embeddable":true,"href":"https:\/\/www.chiesedisicilia.org\/chiesedisicilia\/news\/wp-json\/wp\/v2\/ta_other?post=1709"}],"curies":[{"name":"wp","href":"https:\/\/api.w.org\/{rel}","templated":true}]}}