{"id":1705,"date":"2010-10-26T12:08:00","date_gmt":"2010-10-26T10:08:00","guid":{"rendered":"http:\/\/wptestsite.tecnavia.com\/chiesedisicilia_clientsite\/news\/2010\/10\/26\/caltanissetta-giornata-di-accompagnamento-vocazionale\/"},"modified":"2018-11-09T11:00:44","modified_gmt":"2018-01-13T11:00:44","slug":"caltanissetta-giornata-di-accompagnamento-vocazionale","status":"publish","type":"post","link":"https:\/\/www.chiesedisicilia.org\/2010\/10\/26\/caltanissetta-giornata-di-accompagnamento-vocazionale\/","title":{"rendered":"CALTANISSETTA. GIORNATA DI ACCOMPAGNAMENTO VOCAZIONALE"},"content":{"rendered":"<div>Oggi, domenica 10 ottobre, nel Seminario vescovile di Caltanissetta, avr\u00e0 inizio un percorso di accompagnamento vocazionale per ragazzi dai 13 anni in su. Si tratta di un\u2019iniziativa che \u00e8 stata, seppur sporadicamente, realizzata nel corso dello scorso anno pastorale e che quest\u2019anno parte a pieno regime con incontri a cadenza mensile. L\u2019obiettivo \u00e8 quello di offrire ai ragazzi, attraverso un cammino formativo, la possibilit\u00e0 di operare, strada facendo, un discernimento sereno su quello che \u00e8 il disegno di Dio nella loro vita. \u201cAspetto predominante del percorso di quest\u2019anno \u2013 spiegano gli organizzatori &#8211; sar\u00e0 la \u201cdimensione umana\u201d, alla realizzazione della quale \u00e8 legata la crescita armonica e serena della persona\u201d. L\u2019iniziativa \u00e8 promossa dall\u2019Ufficio diocesano per le vocazioni diretto dal vice rettore del Seminario, don Vicente Genova. Tra le iniziative dell\u2019Ufficio \u00e8 prevista anche una \u201cscuola di preghiera\u201d che si terr\u00e0 una volta al mese in Seminario, animata dalle Suore Assuntine secondo il metodo di S. Ignazio di Loyola. [01]<\/p>\n<div>\u00a0<\/div>\n<\/div>\n","protected":false},"excerpt":{"rendered":"","protected":false},"author":1,"featured_media":0,"comment_status":"open","ping_status":"open","sticky":false,"template":"","format":"standard","meta":[],"categories":[30],"tags":[],"news-destination":[],"news-source":[],"is_homepage":[],"ta_other":[],"_links":{"self":[{"href":"https:\/\/www.chiesedisicilia.org\/chiesedisicilia\/news\/wp-json\/wp\/v2\/posts\/1705"}],"collection":[{"href":"https:\/\/www.chiesedisicilia.org\/chiesedisicilia\/news\/wp-json\/wp\/v2\/posts"}],"about":[{"href":"https:\/\/www.chiesedisicilia.org\/chiesedisicilia\/news\/wp-json\/wp\/v2\/types\/post"}],"author":[{"embeddable":true,"href":"https:\/\/www.chiesedisicilia.org\/chiesedisicilia\/news\/wp-json\/wp\/v2\/users\/1"}],"replies":[{"embeddable":true,"href":"https:\/\/www.chiesedisicilia.org\/chiesedisicilia\/news\/wp-json\/wp\/v2\/comments?post=1705"}],"version-history":[{"count":1,"href":"https:\/\/www.chiesedisicilia.org\/chiesedisicilia\/news\/wp-json\/wp\/v2\/posts\/1705\/revisions"}],"predecessor-version":[{"id":20192,"href":"https:\/\/www.chiesedisicilia.org\/chiesedisicilia\/news\/wp-json\/wp\/v2\/posts\/1705\/revisions\/20192"}],"wp:attachment":[{"href":"https:\/\/www.chiesedisicilia.org\/chiesedisicilia\/news\/wp-json\/wp\/v2\/media?parent=1705"}],"wp:term":[{"taxonomy":"category","embeddable":true,"href":"https:\/\/www.chiesedisicilia.org\/chiesedisicilia\/news\/wp-json\/wp\/v2\/categories?post=1705"},{"taxonomy":"post_tag","embeddable":true,"href":"https:\/\/www.chiesedisicilia.org\/chiesedisicilia\/news\/wp-json\/wp\/v2\/tags?post=1705"},{"taxonomy":"news-destination","embeddable":true,"href":"https:\/\/www.chiesedisicilia.org\/chiesedisicilia\/news\/wp-json\/wp\/v2\/news-destination?post=1705"},{"taxonomy":"news-source","embeddable":true,"href":"https:\/\/www.chiesedisicilia.org\/chiesedisicilia\/news\/wp-json\/wp\/v2\/news-source?post=1705"},{"taxonomy":"is_homepage","embeddable":true,"href":"https:\/\/www.chiesedisicilia.org\/chiesedisicilia\/news\/wp-json\/wp\/v2\/is_homepage?post=1705"},{"taxonomy":"ta_other","embeddable":true,"href":"https:\/\/www.chiesedisicilia.org\/chiesedisicilia\/news\/wp-json\/wp\/v2\/ta_other?post=1705"}],"curies":[{"name":"wp","href":"https:\/\/api.w.org\/{rel}","templated":true}]}}