{"id":1699,"date":"2018-10-15T18:14:00","date_gmt":"2018-10-15T16:14:00","guid":{"rendered":"http:\/\/wptestsite.tecnavia.com\/chiesedisicilia_clientsite\/news\/2018\/10\/15\/caltagirone-discernere-per-camminare-insieme-incontro-dei-catechisti\/"},"modified":"2018-11-09T11:00:44","modified_gmt":"2018-01-13T11:00:44","slug":"caltagirone-discernere-per-camminare-insieme-incontro-dei-catechisti","status":"publish","type":"post","link":"https:\/\/www.chiesedisicilia.org\/2018\/10\/15\/caltagirone-discernere-per-camminare-insieme-incontro-dei-catechisti\/","title":{"rendered":"CALTAGIRONE. &#8220;DISCERNERE PER CAMMINARE INSIEME&#8221;: INCONTRO DEI CATECHISTI"},"content":{"rendered":"<div><span style=\"font-size:12.0pt;font-family:\"Times New Roman\",\"serif\"\"><span style=\"font-size: medium;\"><span style=\"font-family: \"Times New Roman\";\">Tra i momenti significativi che segnano la ripresa di ogni anno pastorale va certamente annoverato l\u2019incontro dei Catechisti col Vescovo. Essi sono chiamati a collaborare con generoso impegno a questa fondamentale vocazione, che condividono coi Presbiteri, ma che \u00e8 anche segno della identit\u00e0 battesimale. Promuovere e guidare il cammino di iniziazione alla fede dei fanciulli e l\u2019accompagnamento della intera comunit\u00e0 nella professione e testimonianza della Fede \u00e8 il contributo pi\u00f9 prezioso che chiama tutti diversamente all\u2019unica responsabilit\u00e0 educativa e missionaria.<\/span><\/span><o:p><\/o:p><\/span><\/div>\n<div><span style=\"font-size: medium;\"><span style=\"font-family: \"Times New Roman\";\">Sabato 13 ottobre 2018, alle ore 16.30 tutti i catechisti sono convocati in Cattedrale per vivere un momento forte di formazione. Alla preghiera iniziale seguir\u00e0 la relazione di don Francesco Jourdan Pinheiro, responsabile dell\u2019ufficio catechistico nazionale per il catecumenato, sul\u00a0 tema: \u201cIniziare alla vita cristiana: discernere per camminare insieme\u201d. Seguir\u00e0 la Celebrazione Eucaristica nella quale trova solide radici di Grazia il senso di tale \u201cinvio\u201d.<\/span><\/span><span style=\"font-size:12.0pt;font-family:\"Times New Roman\",\"serif\"\"><o:p><\/o:p><\/span><\/div>\n<div><span style=\"font-size: medium;\"><span style=\"font-family: \"Times New Roman\";\">Afferma il nuovo direttore dell\u2019Ufficio diocesano don Salvo La Rocca: &#8220;Questo incontro con cui apriamo il nostro anno catechistico e l\u2019impegno dell\u2019Ufficio Catechistico diocesano ci sia da sprone a realizzare un progetto diocesano condiviso per l\u2019annuncio e la catechesi. Il progetto dovr\u00e0 essere il quadro di riferimento di carattere generale che tiene insieme tutti gli ambiti dell\u2019educazione alla e nella fede: l\u2019iniziazione cristiana (degli adulti, delle nuove generazioni, il completamento dei giovani e degli adulti), gli itinerari di crescita permanente dei giovani, degli adulti (con attenzione alla terza et\u00e0), la catechesi ai diversamente abili, la formazione degli operatori pastorali&#8221;.<\/span><\/span><span style=\"font-size:12.0pt;font-family:\"Times New Roman\",\"serif\"\"><o:p><\/o:p><\/span><\/div>\n<div><span style=\"font-size: medium;\"><span style=\"font-family: \"Times New Roman\";\">In tal senso \u00e8 stato gi\u00e0 avviato nei mesi scorsi un programma di lavoro che prevede la individuazione di una equipe di collaboratori che si far\u00e0 carico, insieme al Direttore, di una azione attenta, capillare e sistematica, perch\u00e9 questo aspetto fondamentale del cammino cristiano avvenga con metodologie e modalit\u00e0 diligenti e adeguate. Nulla, infatti, \u00e8 pi\u00f9 importante per una comunit\u00e0 cristiana di questa attenzione costante alle ragioni che alimentano le radici della Fede, che richiede un sentimento forte di appartenenza.<\/span><\/span><span style=\"font-size:12.0pt;font-family:\"Times New Roman\",\"serif\"\"><o:p><\/o:p><\/span><\/div>\n<div><span style=\"font-size: medium;\"><span style=\"font-family: \"Times New Roman\";\">Facendo tesoro degli incontri zonali che hanno visto il Vescovo presiedere capillarmente nell\u2019anno scorso incontri con le singole comunit\u00e0, coi sacerdoti, i Consigli pastorali e le assemblee dei pi\u00f9 vicini collaboratori &#8211; che stanno per concludersi in questo ottobre con gli incontri del Vicariato di Caltagirone &#8211; si metter\u00e0 mano all\u2019aratro, come operai generosi e volenterosi, per imprimere slancio e concretezza ai mille buoni propositi, e farsi protagonisti di Evangelizzazione e Missione nella nuova stagione che il Signore chiama a vivere.<\/span><\/span><span style=\"font-size:12.0pt;font-family:\"Times New Roman\",\"serif\"\"><o:p><\/o:p><\/span><\/div>\n<div><span style=\"font-size: medium;\"><span style=\"font-family: \"Times New Roman\";\">\u201cSentirsi Chiesa viva in cammino e \u2018in uscita\u2019, come ci esorta papa Francesco, alimenta \u2013 dice il vescovo mons. Calogero Peri \u2013 quel sentimento forte che \u00e8 alla radice della vocazione cristiana, e che non pu\u00f2 non tradursi in generoso coinvolgimento e fattiva collaborazione da parte dei discepoli di Cristo, ciascuno con la sua specificit\u00e0, perch\u00e9 cresca attorno all\u2019Annuncio cristiano la concretezza di una Fede, che in un mondo assetato di segnali importanti, sia anima e fermento, anelito condiviso di fiducia e speranza\u201d. [01]<\/span><\/span><span style=\"font-size:12.0pt;font-family:\"Times New Roman\",\"serif\"\"><o:p><\/o:p><\/span><\/div>\n","protected":false},"excerpt":{"rendered":"","protected":false},"author":1,"featured_media":0,"comment_status":"open","ping_status":"open","sticky":false,"template":"","format":"standard","meta":[],"categories":[30],"tags":[],"news-destination":[],"news-source":[],"is_homepage":[],"ta_other":[],"_links":{"self":[{"href":"https:\/\/www.chiesedisicilia.org\/chiesedisicilia\/news\/wp-json\/wp\/v2\/posts\/1699"}],"collection":[{"href":"https:\/\/www.chiesedisicilia.org\/chiesedisicilia\/news\/wp-json\/wp\/v2\/posts"}],"about":[{"href":"https:\/\/www.chiesedisicilia.org\/chiesedisicilia\/news\/wp-json\/wp\/v2\/types\/post"}],"author":[{"embeddable":true,"href":"https:\/\/www.chiesedisicilia.org\/chiesedisicilia\/news\/wp-json\/wp\/v2\/users\/1"}],"replies":[{"embeddable":true,"href":"https:\/\/www.chiesedisicilia.org\/chiesedisicilia\/news\/wp-json\/wp\/v2\/comments?post=1699"}],"version-history":[{"count":1,"href":"https:\/\/www.chiesedisicilia.org\/chiesedisicilia\/news\/wp-json\/wp\/v2\/posts\/1699\/revisions"}],"predecessor-version":[{"id":20185,"href":"https:\/\/www.chiesedisicilia.org\/chiesedisicilia\/news\/wp-json\/wp\/v2\/posts\/1699\/revisions\/20185"}],"wp:attachment":[{"href":"https:\/\/www.chiesedisicilia.org\/chiesedisicilia\/news\/wp-json\/wp\/v2\/media?parent=1699"}],"wp:term":[{"taxonomy":"category","embeddable":true,"href":"https:\/\/www.chiesedisicilia.org\/chiesedisicilia\/news\/wp-json\/wp\/v2\/categories?post=1699"},{"taxonomy":"post_tag","embeddable":true,"href":"https:\/\/www.chiesedisicilia.org\/chiesedisicilia\/news\/wp-json\/wp\/v2\/tags?post=1699"},{"taxonomy":"news-destination","embeddable":true,"href":"https:\/\/www.chiesedisicilia.org\/chiesedisicilia\/news\/wp-json\/wp\/v2\/news-destination?post=1699"},{"taxonomy":"news-source","embeddable":true,"href":"https:\/\/www.chiesedisicilia.org\/chiesedisicilia\/news\/wp-json\/wp\/v2\/news-source?post=1699"},{"taxonomy":"is_homepage","embeddable":true,"href":"https:\/\/www.chiesedisicilia.org\/chiesedisicilia\/news\/wp-json\/wp\/v2\/is_homepage?post=1699"},{"taxonomy":"ta_other","embeddable":true,"href":"https:\/\/www.chiesedisicilia.org\/chiesedisicilia\/news\/wp-json\/wp\/v2\/ta_other?post=1699"}],"curies":[{"name":"wp","href":"https:\/\/api.w.org\/{rel}","templated":true}]}}