{"id":1698,"date":"2018-10-15T17:12:00","date_gmt":"2018-10-15T15:12:00","guid":{"rendered":"http:\/\/wptestsite.tecnavia.com\/chiesedisicilia_clientsite\/news\/2018\/10\/15\/caltagirone-alle-radici-della-essenzialita\/"},"modified":"2018-11-09T11:00:44","modified_gmt":"2018-01-13T11:00:44","slug":"caltagirone-alle-radici-della-essenzialita","status":"publish","type":"post","link":"https:\/\/www.chiesedisicilia.org\/2018\/10\/15\/caltagirone-alle-radici-della-essenzialita\/","title":{"rendered":"CALTAGIRONE. &#8220;ALLE RADICI DELLA ESSENZIALITA'&#8221;"},"content":{"rendered":"<div><span style=\"font-size:12.0pt;font-family:\"Times New Roman\",\"serif\"\"><span style=\"font-size: medium;\"><span style=\"font-family: \"Times New Roman\";\">Ragazzi, giovani ed adulti di Azione cattolica in assemblea diocesana per ricordare e ricordarsi che &#8220;Di una cosa sola c&#8217;\u00e8 bisogno&#8221;. E&#8217; questo il tema scelto per l&#8217;appuntamento d&#8217;inizio anno pastorale dell&#8217;associazione che si \u00e8 svolto domenica 14 ottobre 2018 a Caltagirone. All&#8217;appuntamento ha voluto dare il suo contributo anche il vescovo, mons. Calogero Peri. \u00a0\u201cNel tempo del consumismo, dello spreco e dello sperpero quasi indisponente che attraversa la nostra quotidianit\u00e0 \u2013 ha detto ai soci e ai simpatizzanti presenti \u2013 si fa richiamo severo ma benevolmente amabile, nelle parole di Ges\u00f9 a Marta, che si affanna lodevolmente ma in maniera esagerata, sottolineando la radicale essenzialit\u00e0 e sobriet\u00e0 che occorre acquisire nel rapporto con la vita. Ed ha un sapore sorprendente, quasi inquietante, soprattutto se contrapposto all\u2019atteggiamento di Maria, contemplativo \u2026 fin quasi alla provocazione!&#8221;. Intervenendo ai lavori con una riflessione, il presule da un lato ha evidenziato &#8220;l&#8217;intensa problematicit\u00e0&#8221; della scelta programmatica dell&#8217;Ac in questo 2018\/19, e dall&#8217;altro l&#8217;ha lodata come &#8220;fortemente affascinante&#8221; il cammino associativo &#8220;alle radici della essenzialit\u00e0&#8221;. Gli ha fatto eco la presidente diocesana, Concetta Antenucci, per la quale \u201cil programma dell\u2019Azione cattolica che ci \u00e8 consegnato in questo anno associativo pone alla base del cammino formativo la paradossale e problematica esigenza di muoversi sulla linea del doppio registro educativo: il fare e l\u2019essere, azione e preghiera, operosit\u00e0 e intimit\u00e0 contemplativa, dimensioni indivisibili ed egualmente esigenti della sequela del Signore, tra le quali &#8211; ha concluso &#8211; \u00e8 necessario far sintesi con sapienza di Grazia\u201d. [01]<\/span><\/span><o:p><\/o:p><\/span><\/div>\n","protected":false},"excerpt":{"rendered":"","protected":false},"author":1,"featured_media":0,"comment_status":"open","ping_status":"open","sticky":false,"template":"","format":"standard","meta":[],"categories":[30],"tags":[],"news-destination":[],"news-source":[],"is_homepage":[],"ta_other":[],"_links":{"self":[{"href":"https:\/\/www.chiesedisicilia.org\/chiesedisicilia\/news\/wp-json\/wp\/v2\/posts\/1698"}],"collection":[{"href":"https:\/\/www.chiesedisicilia.org\/chiesedisicilia\/news\/wp-json\/wp\/v2\/posts"}],"about":[{"href":"https:\/\/www.chiesedisicilia.org\/chiesedisicilia\/news\/wp-json\/wp\/v2\/types\/post"}],"author":[{"embeddable":true,"href":"https:\/\/www.chiesedisicilia.org\/chiesedisicilia\/news\/wp-json\/wp\/v2\/users\/1"}],"replies":[{"embeddable":true,"href":"https:\/\/www.chiesedisicilia.org\/chiesedisicilia\/news\/wp-json\/wp\/v2\/comments?post=1698"}],"version-history":[{"count":1,"href":"https:\/\/www.chiesedisicilia.org\/chiesedisicilia\/news\/wp-json\/wp\/v2\/posts\/1698\/revisions"}],"predecessor-version":[{"id":20186,"href":"https:\/\/www.chiesedisicilia.org\/chiesedisicilia\/news\/wp-json\/wp\/v2\/posts\/1698\/revisions\/20186"}],"wp:attachment":[{"href":"https:\/\/www.chiesedisicilia.org\/chiesedisicilia\/news\/wp-json\/wp\/v2\/media?parent=1698"}],"wp:term":[{"taxonomy":"category","embeddable":true,"href":"https:\/\/www.chiesedisicilia.org\/chiesedisicilia\/news\/wp-json\/wp\/v2\/categories?post=1698"},{"taxonomy":"post_tag","embeddable":true,"href":"https:\/\/www.chiesedisicilia.org\/chiesedisicilia\/news\/wp-json\/wp\/v2\/tags?post=1698"},{"taxonomy":"news-destination","embeddable":true,"href":"https:\/\/www.chiesedisicilia.org\/chiesedisicilia\/news\/wp-json\/wp\/v2\/news-destination?post=1698"},{"taxonomy":"news-source","embeddable":true,"href":"https:\/\/www.chiesedisicilia.org\/chiesedisicilia\/news\/wp-json\/wp\/v2\/news-source?post=1698"},{"taxonomy":"is_homepage","embeddable":true,"href":"https:\/\/www.chiesedisicilia.org\/chiesedisicilia\/news\/wp-json\/wp\/v2\/is_homepage?post=1698"},{"taxonomy":"ta_other","embeddable":true,"href":"https:\/\/www.chiesedisicilia.org\/chiesedisicilia\/news\/wp-json\/wp\/v2\/ta_other?post=1698"}],"curies":[{"name":"wp","href":"https:\/\/api.w.org\/{rel}","templated":true}]}}