{"id":1693,"date":"2018-04-06T09:46:00","date_gmt":"2018-04-06T07:46:00","guid":{"rendered":"http:\/\/wptestsite.tecnavia.com\/chiesedisicilia_clientsite\/news\/2018\/04\/06\/caltagirone-bonaventura-secusio-luomo-il-pastore-il-diplomatico\/"},"modified":"2018-11-09T11:00:44","modified_gmt":"2018-01-13T11:00:44","slug":"caltagirone-bonaventura-secusio-luomo-il-pastore-il-diplomatico","status":"publish","type":"post","link":"https:\/\/www.chiesedisicilia.org\/2018\/04\/06\/caltagirone-bonaventura-secusio-luomo-il-pastore-il-diplomatico\/","title":{"rendered":"CALTAGIRONE. BONAVENTURA SECUSIO: \u201cL\u2019UOMO, IL PASTORE, IL DIPLOMATICO\u201d"},"content":{"rendered":"<div><span style=\"font-size:12.0pt;font-family:\"Times New Roman\",\"serif\";\nmso-fareast-font-family:Calibri\"><span style=\"font-size: medium;\"><span style=\"font-family: \"Times New Roman\";\">Un convegno di studi su padre Bonaventura Secusio avr\u00e0 luogo sabato 7 aprile 2018, alle ore 17.00, nel Salone di Rappresentanza del Municipio di Caltagirone, sua citta natale, che intende cos\u00ec ricordare i quattrocento anni dalla sua morte. Il tema del Convegno disegna in modo eloquente la sua storia umana culturale e spirituale: <i>\u201cL\u2019uomo, il pastore, il diplomatico\u201d<\/i>.<\/span><\/span><o:p><\/o:p><\/span><\/div>\n<div><span style=\"font-size: medium;\"><span style=\"font-family: \"Times New Roman\";\">Alle ore 17.00 porgeranno il saluto di apertura ai convegnisti il vescovo di Caltagirone, mons. Calogero Peri, il sindaco di Caltagirone Gino Ioppolo, la dirigente dell\u2019Istituto Superiore \u201cBonaventura Secusio\u201d di Caltagirone Concetta Mancuso e, per la\u00a0 \u201cSociet\u00e0 Calatina di Storia Patria e Cultura\u201d, il presidente Antonio Navanzino. Inoltre interverranno: don Stefano Brancatelli della diocesi di Patti, mons. Cesare Di Pietro della diocesi di Messina e mons. Gaetano Zito della Diocesi di Catania.<\/span><\/span><span style=\"font-size:12.0pt;font-family:\"Times New Roman\",\"serif\";\nmso-fareast-font-family:Calibri\"><o:p><\/o:p><\/span><\/div>\n<div><span style=\"font-size: medium;\"><span style=\"font-family: \"Times New Roman\";\">Illustreranno la personalit\u00e0 e l\u2019attivit\u00e0 di Bonaventura Secusio i relatori: fra\u2019 Vincenzo Piscopo della Provincia dei Frati Minori di Sicilia e Giacomo Pace Gravina, dell\u2019Universit\u00e0 degli Studi di Messina. Saranno presenti in rappresentanza del Consolato di Francia a Catania Antonio Laurentini e per il Consolato di Spagna a Catania Luca Mirone. Moderer\u00e0 i lavori del convegno il Presidente del Lions Club di Caltagirone, Enzo Nicoletti.<\/span><\/span><span style=\"font-size:12.0pt;font-family:\"Times New Roman\",\"serif\";\nmso-fareast-font-family:Calibri\"><o:p><\/o:p><\/span><\/div>\n<div><span style=\"font-size: medium;\"><span style=\"font-family: \"Times New Roman\";\">A conclusione dell\u2019evento, sar\u00e0 svelata l\u2019epigrafe commemorativa collocata presso lo Scalone d\u2019onore del Palazzo di Citt\u00e0 donata dal Lions Club di Caltagirone promotore dell\u2019evento.<\/span><\/span><span style=\"font-size:12.0pt;font-family:\"Times New Roman\",\"serif\"\"><o:p><\/o:p><\/span><\/div>\n<div><span style=\"font-size: medium;\"><span style=\"font-family: \"Times New Roman\";\">Nato a Caltagirone nel 1558 da una delle pi\u00f9 illustri famiglie della citt\u00e0, Bonaventura Secusio, dopo aver studiato nel Collegio dei Gesuiti, perfezion\u00f2 i suoi studi all\u2019Universit\u00e0 di Catania. Tornato in patria, entr\u00f2 nell&#8217;ordine degli Osservanti di S. Francesco, divenendone anche Ministro generale. Le sue doti umane e le qualit\u00e0 spirituali e culturali lo segnalarono all\u2019attenzione del Cardinale Aldobrandini, nipote di Clemente VIII, che lo volle Nunzio Apostolico, incaricandolo a trattare la pace fra il Re Filippo II di Spagna ed Enrico IV di Francia. Successivamente fu impegnato anche nella mediazione di pace tra Enrico IV ed il Duca di Savoia Carlo Emanuele. La sua intensa attivit\u00e0 diplomatica gli guadagn\u00f2 il titolo di \u201cPatriarca di Costantinopoli\u201d.<\/span><\/span><span style=\"font-size:12.0pt;font-family:\"Times New Roman\",\"serif\";\nmso-fareast-font-family:Calibri\"><o:p><\/o:p><\/span><\/div>\n<div><span style=\"font-size: medium;\"><span style=\"font-family: \"Times New Roman\";\">Fu inviato come Vescovo a Patti nel 1600, come Arcivescovo a Messina nel 1605, e infine come Vescovo a Catania, dove mor\u00ec il 29 Marzo 1618. Nel duomo di questa citt\u00e0 si conserva il monumento funebre che lo ritrae devotamente inginocchiato nei pressi della Cappella del SS.mo Sacramento.<\/span><\/span><span style=\"font-size:12.0pt;font-family:\"Times New Roman\",\"serif\";\nmso-fareast-font-family:Calibri\"><o:p><\/o:p><\/span><\/div>\n<div><span style=\"font-size: medium;\"><span style=\"font-family: \"Times New Roman\";\">Ha lasciato anche scritti importanti, come gli <i>\u201cStatuta constitutiones et decreta pro salubri redimine totius seraphicae religiones\u201d (inseriti nella Cronologia dell\u2019Ordine di San Francesco); <\/i>una<i> \u201cHistoria pacis intr Philippum II hispaniarum et Henricum IV gagliarum reges\u201d; <\/i>le<i> \u201cCostitutiones synodales Ecclesiae catanensis\u201d<\/i> . [01]<\/span><\/span><span style=\"font-size:12.0pt;font-family:\"Times New Roman\",\"serif\";\nmso-fareast-font-family:Calibri\"><o:p><\/o:p><\/span><\/div>\n","protected":false},"excerpt":{"rendered":"","protected":false},"author":1,"featured_media":0,"comment_status":"open","ping_status":"open","sticky":false,"template":"","format":"standard","meta":[],"categories":[30],"tags":[],"news-destination":[],"news-source":[],"is_homepage":[],"ta_other":[],"_links":{"self":[{"href":"https:\/\/www.chiesedisicilia.org\/chiesedisicilia\/news\/wp-json\/wp\/v2\/posts\/1693"}],"collection":[{"href":"https:\/\/www.chiesedisicilia.org\/chiesedisicilia\/news\/wp-json\/wp\/v2\/posts"}],"about":[{"href":"https:\/\/www.chiesedisicilia.org\/chiesedisicilia\/news\/wp-json\/wp\/v2\/types\/post"}],"author":[{"embeddable":true,"href":"https:\/\/www.chiesedisicilia.org\/chiesedisicilia\/news\/wp-json\/wp\/v2\/users\/1"}],"replies":[{"embeddable":true,"href":"https:\/\/www.chiesedisicilia.org\/chiesedisicilia\/news\/wp-json\/wp\/v2\/comments?post=1693"}],"version-history":[{"count":1,"href":"https:\/\/www.chiesedisicilia.org\/chiesedisicilia\/news\/wp-json\/wp\/v2\/posts\/1693\/revisions"}],"predecessor-version":[{"id":20179,"href":"https:\/\/www.chiesedisicilia.org\/chiesedisicilia\/news\/wp-json\/wp\/v2\/posts\/1693\/revisions\/20179"}],"wp:attachment":[{"href":"https:\/\/www.chiesedisicilia.org\/chiesedisicilia\/news\/wp-json\/wp\/v2\/media?parent=1693"}],"wp:term":[{"taxonomy":"category","embeddable":true,"href":"https:\/\/www.chiesedisicilia.org\/chiesedisicilia\/news\/wp-json\/wp\/v2\/categories?post=1693"},{"taxonomy":"post_tag","embeddable":true,"href":"https:\/\/www.chiesedisicilia.org\/chiesedisicilia\/news\/wp-json\/wp\/v2\/tags?post=1693"},{"taxonomy":"news-destination","embeddable":true,"href":"https:\/\/www.chiesedisicilia.org\/chiesedisicilia\/news\/wp-json\/wp\/v2\/news-destination?post=1693"},{"taxonomy":"news-source","embeddable":true,"href":"https:\/\/www.chiesedisicilia.org\/chiesedisicilia\/news\/wp-json\/wp\/v2\/news-source?post=1693"},{"taxonomy":"is_homepage","embeddable":true,"href":"https:\/\/www.chiesedisicilia.org\/chiesedisicilia\/news\/wp-json\/wp\/v2\/is_homepage?post=1693"},{"taxonomy":"ta_other","embeddable":true,"href":"https:\/\/www.chiesedisicilia.org\/chiesedisicilia\/news\/wp-json\/wp\/v2\/ta_other?post=1693"}],"curies":[{"name":"wp","href":"https:\/\/api.w.org\/{rel}","templated":true}]}}