{"id":1689,"date":"2018-02-05T11:15:00","date_gmt":"2018-02-05T10:15:00","guid":{"rendered":"http:\/\/wptestsite.tecnavia.com\/chiesedisicilia_clientsite\/news\/2018\/02\/05\/caltagirone-azione-cattolica-scatti-di-pace-e-marcia-diocesana\/"},"modified":"2018-11-09T11:00:44","modified_gmt":"2018-01-13T11:00:44","slug":"caltagirone-azione-cattolica-scatti-di-pace-e-marcia-diocesana","status":"publish","type":"post","link":"https:\/\/www.chiesedisicilia.org\/2018\/02\/05\/caltagirone-azione-cattolica-scatti-di-pace-e-marcia-diocesana\/","title":{"rendered":"CALTAGIRONE. AZIONE CATTOLICA: &#8220;SCATTI DI PACE&#8221; E MARCIA DIOCESANA"},"content":{"rendered":"<div><span style=\"font-size: medium;\"><span style=\"font-family: \"Times New Roman\";\">L\u2019Azione Cattolica della diocesi di Caltagirone invita soci, amici e simpatizzanti a partecipare domenica 4 febbraio 2018 alla Festa della Pace, che si celebrer\u00e0 a Palagonia con una marcia unitaria all\u2019insegna dello slogan \u201cScatti di pace\u201d. <\/span><\/span><span style=\"font-size:12.0pt;font-family:\"Times New Roman\",\"serif\"\"><o:p><\/o:p><\/span><\/div>\n<div><span style=\"font-size: medium;\"><span style=\"font-family: \"Times New Roman\";\">Per Concetta Antenucci, presidente diocesana di ACI: \u201cScatti di pace\u201d \u00e8 l&#8217;invito ad allenare il proprio occhio per gettare lo sguardo &#8220;oltre&#8221; e cogliere l&#8217;esigenza di pace di uomini e donne, bambini e anziani in ogni parte del mondo. \u00c8 quindi l&#8217;invito a fissare nel grande film della vita e della storia, fotogrammi e narrazioni di eventi anche minimi in cui splenda la volont\u00e0 di bene, si levino braccia aperte all\u2019accoglienza dell\u2019altro, mani che afferrano altre mani per intrecciare catene capaci di trasformare la prossimit\u00e0 in un intreccio tenace che fa diventare gioiosa armonia l\u2019essere compagni di strada che insieme cercano nel futuro orizzonti nuovi e rassicuranti&#8221;.\u00a0 <\/span><\/span><span style=\"font-size:12.0pt;font-family:\"Times New Roman\",\"serif\"\"><o:p><\/o:p><\/span><\/div>\n<div><span style=\"font-size: medium;\"><span style=\"font-family: \"Times New Roman\";\">&#8220;L\u2019impegno di evangelizzazione, che, come ho pi\u00f9 volte ribadito, \u00e8 da sempre la vocazione propria dell\u2019Azione Cattolica \u2013 afferma il vescovo mons. Calogero Peri &#8211; va celebrato con lo stile immediato e quotidiano della presenza nel tessuto ecclesiale e sociale; lo stile della coerente testimonianza quotidiana nei luoghi della vita, delle relazioni sociali e della professionalit\u00e0, diventa dono credibile e autentico e testimonianza feconda. Questo chiede la Chiesa all\u2019ACI, benemerita Associazione in tutte le sue espressioni e manifestazioni, come da generazione accade, con la Grazia di Dio, anche nella nostra esperienza di Chiesa. Questa fedelt\u00e0 al \u2018carisma\u2019 \u00e8 la forza spirituale dell\u2019Azione Cattolica&#8221;.<\/span><\/span><span style=\"font-size:12.0pt;font-family:\"Times New Roman\",\"serif\";\nmso-fareast-font-family:Calibri\"><o:p><\/o:p><\/span><\/div>\n<div><span style=\"font-size: medium;\"><span style=\"font-family: \"Times New Roman\";\"><span style=\"background-image: initial; background-position: initial; background-size: initial; background-repeat: initial; background-attachment: initial; background-origin: initial; background-clip: initial;\">Il programma della Festa prevede, alle ore 9.00, gli arrivi e l\u2019accoglienza dei partecipanti in Piazza Garibaldi, a Palagonia. Dopo la preghiera iniziale, i saluti <\/span>e un momento iniziale di festa, alle ore 10.30 inizier\u00e0 la marcia della Pace verso la parrocchia S. Giuseppe dove, alle 11.30, \u00e8 prevista la celebrazione eucaristica e, a seguire, il pranzo. Alle ore 14.30 riprenderanno le attivit\u00e0<span style=\"background-image: initial; background-position: initial; background-size: initial; background-repeat: initial; background-attachment: initial; background-origin: initial; background-clip: initial;\">, con momenti di festa, testimonianze e coreografie che, prendendo spunto dal tema annuale dell\u2019ACR \u201cPronti a scattare\u201d, daranno vita al &#8220;Corso di Fotografia Scatti di Pace&#8221;. Alle ore 17.00, dopo un momento di preghiera, \u00e8 prevista la conclusione della giornata.<\/span><\/span><\/span><span style=\"font-size:12.0pt;font-family:\"Times New Roman\",\"serif\";mso-fareast-font-family:\nCalibri\"><span style=\"background-image: initial; background-position: initial; background-size: initial; background-repeat: initial; background-attachment: initial; background-origin: initial; background-clip: initial;\"><o:p><\/o:p><\/span><\/span><\/div>\n<div><span style=\"font-size: medium;\"><span style=\"font-family: \"Times New Roman\";\">  Come ogni anno l&#8217;Azione Cattolica nazionale, nel tradizionale<span class=\"apple-converted-space\">\u00a0<\/span><em>mese della pace<\/em>, propone un\u2019iniziativa nazionale a sostegno delle regioni pi\u00f9 povere del mondo. Quest\u2019anno, il progetto di solidariet\u00e0 \u201cScatti di Pace\u201d\u00a0<span style=\"background-image: initial; background-position: initial; background-size: initial; background-repeat: initial; background-attachment: initial; background-origin: initial; background-clip: initial;\">incontra la realt\u00e0 di Terre des Hommes, la federazione internazionale di 11 organizzazioni nazionali impegnate nella difesa dei diritti dei bambini. Assieme a Terre des Hommes, l&#8217;Azione Cattolica vuole mettersi accanto ai piccoli rifugiati nel territorio di Erbil, in Ir<span class=\"textexposedshow\">aq, per migliorare le loro condizioni di vita e quelle delle loro famiglie offrendo supporto psicologico e un servizio di fisioterapia a domicilio e aumentare la sensibilizzazione, la capacit\u00e0 di accoglienza e l\u2019integrazione delle persone con disabilit\u00e0 da parte della comunit\u00e0 locale.\u00a0<\/span><\/span>Per concretizzare questo impegno, l\u2019Azione Cattolica Italiana, <span class=\"textexposedshow\"><span style=\"background-image: initial; background-position: initial; background-size: initial; background-repeat: initial; background-attachment: initial; background-origin: initial; background-clip: initial;\">attraverso l\u2019acquisto del gadget realizzato per l\u2019occasione, una cornice magnetica, propone di dare continuit\u00e0 a questo sogno e soprattutto a quello di quanti fuggono dalla guerra alla ricerca di un futuro di pace. [01]<\/span><\/span><\/span><\/span><\/div>\n","protected":false},"excerpt":{"rendered":"","protected":false},"author":1,"featured_media":0,"comment_status":"open","ping_status":"open","sticky":false,"template":"","format":"standard","meta":[],"categories":[30],"tags":[],"news-destination":[],"news-source":[],"is_homepage":[],"ta_other":[],"_links":{"self":[{"href":"https:\/\/www.chiesedisicilia.org\/chiesedisicilia\/news\/wp-json\/wp\/v2\/posts\/1689"}],"collection":[{"href":"https:\/\/www.chiesedisicilia.org\/chiesedisicilia\/news\/wp-json\/wp\/v2\/posts"}],"about":[{"href":"https:\/\/www.chiesedisicilia.org\/chiesedisicilia\/news\/wp-json\/wp\/v2\/types\/post"}],"author":[{"embeddable":true,"href":"https:\/\/www.chiesedisicilia.org\/chiesedisicilia\/news\/wp-json\/wp\/v2\/users\/1"}],"replies":[{"embeddable":true,"href":"https:\/\/www.chiesedisicilia.org\/chiesedisicilia\/news\/wp-json\/wp\/v2\/comments?post=1689"}],"version-history":[{"count":1,"href":"https:\/\/www.chiesedisicilia.org\/chiesedisicilia\/news\/wp-json\/wp\/v2\/posts\/1689\/revisions"}],"predecessor-version":[{"id":20175,"href":"https:\/\/www.chiesedisicilia.org\/chiesedisicilia\/news\/wp-json\/wp\/v2\/posts\/1689\/revisions\/20175"}],"wp:attachment":[{"href":"https:\/\/www.chiesedisicilia.org\/chiesedisicilia\/news\/wp-json\/wp\/v2\/media?parent=1689"}],"wp:term":[{"taxonomy":"category","embeddable":true,"href":"https:\/\/www.chiesedisicilia.org\/chiesedisicilia\/news\/wp-json\/wp\/v2\/categories?post=1689"},{"taxonomy":"post_tag","embeddable":true,"href":"https:\/\/www.chiesedisicilia.org\/chiesedisicilia\/news\/wp-json\/wp\/v2\/tags?post=1689"},{"taxonomy":"news-destination","embeddable":true,"href":"https:\/\/www.chiesedisicilia.org\/chiesedisicilia\/news\/wp-json\/wp\/v2\/news-destination?post=1689"},{"taxonomy":"news-source","embeddable":true,"href":"https:\/\/www.chiesedisicilia.org\/chiesedisicilia\/news\/wp-json\/wp\/v2\/news-source?post=1689"},{"taxonomy":"is_homepage","embeddable":true,"href":"https:\/\/www.chiesedisicilia.org\/chiesedisicilia\/news\/wp-json\/wp\/v2\/is_homepage?post=1689"},{"taxonomy":"ta_other","embeddable":true,"href":"https:\/\/www.chiesedisicilia.org\/chiesedisicilia\/news\/wp-json\/wp\/v2\/ta_other?post=1689"}],"curies":[{"name":"wp","href":"https:\/\/api.w.org\/{rel}","templated":true}]}}