{"id":1686,"date":"2017-12-19T18:46:00","date_gmt":"2017-12-19T17:46:00","guid":{"rendered":"http:\/\/wptestsite.tecnavia.com\/chiesedisicilia_clientsite\/news\/2017\/12\/19\/caltagirone-natale-incrociandovi-fermatevi-per-auguri-autentici-di-gioia-e-speranza\/"},"modified":"2018-11-09T11:00:44","modified_gmt":"2018-01-13T11:00:44","slug":"caltagirone-natale-incrociandovi-fermatevi-per-auguri-autentici-di-gioia-e-speranza","status":"publish","type":"post","link":"https:\/\/www.chiesedisicilia.org\/2017\/12\/19\/caltagirone-natale-incrociandovi-fermatevi-per-auguri-autentici-di-gioia-e-speranza\/","title":{"rendered":"CALTAGIRONE. NATALE: &#8220;INCROCIANDOVI, FERMATEVI PER AUGURI AUTENTICI DI GIOIA E SPERANZA&#8221;"},"content":{"rendered":"<div><span style=\"font-size: medium;\"><span style=\"font-family: \"Times New Roman\";\">Il Santo Natale 2017 si avvicina e il vescovo incontra il popolo che gli \u00e8 stato affidato, il suo presbiterio, i collaboratori, i giovani, gli anziani, i sofferenti, i responsabili delle istituzioni e delle organizzazioni impegnate sul territorio e tutti quanti lo incrociano lungo le strade della citt\u00e0 e diocesi. Una vicinanza che lo stesso presule vuole di esempio: in una nota stampa dell&#8217;Ufficio diocesano per le Comunicazioni sociali \u00e8 espressamente indicato che &#8220;anche a ciascuno di noi \u00e8 chiesto, incrociandosi, a non farlo frettolosamente, ma a fermarsi per scambiare auguri autentici, che siano annuncio di gioia e speranza&#8221;.<\/span><\/span><span style=\"font-size:12.0pt;font-family:\"Times New Roman\",\"serif\";\nmso-fareast-font-family:Calibri\"><o:p><\/o:p><\/span><\/div>\n<div><span style=\"font-size: medium;\"><span style=\"font-family: \"Times New Roman\";\">Intanto, in preparazione, al Natale, l&#8217;agenda di mons. Peri \u00e8, come accennato, fitta di appuntamenti:<\/span><\/span><span style=\"font-size:12.0pt;font-family:\"Times New Roman\",\"serif\";\nmso-fareast-font-family:Calibri\"><o:p><\/o:p><\/span><\/div>\n<div><span style=\"font-size: medium;\"><span style=\"font-family: \"Times New Roman\";\"><b>Luned\u00ec 18 dicembre<\/b>, alle ore 16.00, nei locali dell\u2019Episcopio il vescovo scambier\u00e0 gli auguri con la Consulta diocesana delle Aggregazioni laicali.<\/span><\/span><span style=\"font-size:12.0pt;font-family:\n\"Times New Roman\",\"serif\";mso-fareast-font-family:Calibri\"><o:p><\/o:p><\/span><\/div>\n<div><span style=\"font-size: medium;\"><span style=\"font-family: \"Times New Roman\";\">Nel pomeriggio di <b>gioved\u00ec 21<\/b> <b>dicembre<\/b>, nei locali della Citt\u00e0 dei Ragazzi, a Caltagirone, con alcune realt\u00e0 ecclesiali impegnate nel sociale.<\/span><\/span><span style=\"font-size:12.0pt;font-family:\"Times New Roman\",\"serif\";\nmso-fareast-font-family:Calibri\"><o:p><\/o:p><\/span><\/div>\n<div><span style=\"font-size: medium;\"><span style=\"font-family: \"Times New Roman\";\"><b>Sabato 23 dicembre<\/b>, alle ore 11.00, all&#8217;Hotel Villa Sturzo, con i rappresentanti delle istituzioni politiche e amministratori del territorio.<\/span><\/span><span style=\"font-size:12.0pt;font-family:\n\"Times New Roman\",\"serif\";mso-fareast-font-family:Calibri\"><o:p><\/o:p><\/span><\/div>\n<div><span style=\"font-size: medium;\"><span style=\"font-family: \"Times New Roman\";\"><b>Venerd\u00ec 22 dicembre<\/b>, alle ore 17.00, nella \u2018Saletta del parlatorio\u2019 della Curia il vescovo, nel corso di una Conferenza Stampa, condivider\u00e0 gli auguri coi rappresentanti della Comunicazione sociale delle emittenti locali.\u00a0 <\/span><\/span><span style=\"font-size:12.0pt;\nfont-family:\"Times New Roman\",\"serif\";mso-fareast-font-family:Calibri\"><o:p><\/o:p><\/span><\/div>\n<div><span style=\"font-size: medium;\"><span style=\"font-family: \"Times New Roman\";\">In Cattedrale, <b>nella Notte Santa<\/b>, alle ore 23.00, e <b>la mattina del 25 dicembre<\/b>, alle ore 11.00, presieder\u00e0 le Celebrazioni liturgiche della Solennit\u00e0.\u00a0 <\/span><\/span><span style=\"font-size:12.0pt;font-family:\"Times New Roman\",\"serif\";\nmso-fareast-font-family:Calibri\"><o:p><\/o:p><\/span><\/div>\n<div><span style=\"font-size: medium;\"><span style=\"font-family: \"Times New Roman\";\">  &#8220;\u00c8 impegno, dovere di tutti \u2013 dice mons. Calogero Peri &#8211; e gioia di ogni credente farsi voce del Natale\u201d nei momenti intimi che le famiglie celebrano raccolte e ricomposte in festosa comunione attorno al Presepe scintillante di luci e doni per i bambini, coi piccoli gesti di ogni giorno, nei modi possibili, senza dimenticarsi di quanti non hanno la possibilit\u00e0 di condividere tanta gioia e serenit\u00e0: un pensiero, un piccolo dono, una telefonata, un sms, un cenno di memoria perch\u00e9 comunque e dappertutto sia Buon Natale&#8221;. [01]<\/span><\/span><\/div>\n","protected":false},"excerpt":{"rendered":"","protected":false},"author":1,"featured_media":0,"comment_status":"open","ping_status":"open","sticky":false,"template":"","format":"standard","meta":[],"categories":[30],"tags":[],"news-destination":[],"news-source":[],"is_homepage":[],"ta_other":[],"_links":{"self":[{"href":"https:\/\/www.chiesedisicilia.org\/chiesedisicilia\/news\/wp-json\/wp\/v2\/posts\/1686"}],"collection":[{"href":"https:\/\/www.chiesedisicilia.org\/chiesedisicilia\/news\/wp-json\/wp\/v2\/posts"}],"about":[{"href":"https:\/\/www.chiesedisicilia.org\/chiesedisicilia\/news\/wp-json\/wp\/v2\/types\/post"}],"author":[{"embeddable":true,"href":"https:\/\/www.chiesedisicilia.org\/chiesedisicilia\/news\/wp-json\/wp\/v2\/users\/1"}],"replies":[{"embeddable":true,"href":"https:\/\/www.chiesedisicilia.org\/chiesedisicilia\/news\/wp-json\/wp\/v2\/comments?post=1686"}],"version-history":[{"count":1,"href":"https:\/\/www.chiesedisicilia.org\/chiesedisicilia\/news\/wp-json\/wp\/v2\/posts\/1686\/revisions"}],"predecessor-version":[{"id":20172,"href":"https:\/\/www.chiesedisicilia.org\/chiesedisicilia\/news\/wp-json\/wp\/v2\/posts\/1686\/revisions\/20172"}],"wp:attachment":[{"href":"https:\/\/www.chiesedisicilia.org\/chiesedisicilia\/news\/wp-json\/wp\/v2\/media?parent=1686"}],"wp:term":[{"taxonomy":"category","embeddable":true,"href":"https:\/\/www.chiesedisicilia.org\/chiesedisicilia\/news\/wp-json\/wp\/v2\/categories?post=1686"},{"taxonomy":"post_tag","embeddable":true,"href":"https:\/\/www.chiesedisicilia.org\/chiesedisicilia\/news\/wp-json\/wp\/v2\/tags?post=1686"},{"taxonomy":"news-destination","embeddable":true,"href":"https:\/\/www.chiesedisicilia.org\/chiesedisicilia\/news\/wp-json\/wp\/v2\/news-destination?post=1686"},{"taxonomy":"news-source","embeddable":true,"href":"https:\/\/www.chiesedisicilia.org\/chiesedisicilia\/news\/wp-json\/wp\/v2\/news-source?post=1686"},{"taxonomy":"is_homepage","embeddable":true,"href":"https:\/\/www.chiesedisicilia.org\/chiesedisicilia\/news\/wp-json\/wp\/v2\/is_homepage?post=1686"},{"taxonomy":"ta_other","embeddable":true,"href":"https:\/\/www.chiesedisicilia.org\/chiesedisicilia\/news\/wp-json\/wp\/v2\/ta_other?post=1686"}],"curies":[{"name":"wp","href":"https:\/\/api.w.org\/{rel}","templated":true}]}}