{"id":1681,"date":"2017-09-12T16:23:00","date_gmt":"2017-09-12T14:23:00","guid":{"rendered":"http:\/\/wptestsite.tecnavia.com\/chiesedisicilia_clientsite\/news\/2017\/09\/12\/caltagirone-erezione-a-diocesi-festa-solenne-e-comunitaria\/"},"modified":"2018-11-09T11:00:44","modified_gmt":"2018-01-13T11:00:44","slug":"caltagirone-erezione-a-diocesi-festa-solenne-e-comunitaria","status":"publish","type":"post","link":"https:\/\/www.chiesedisicilia.org\/2017\/09\/12\/caltagirone-erezione-a-diocesi-festa-solenne-e-comunitaria\/","title":{"rendered":"CALTAGIRONE. EREZIONE A DIOCESI: FESTA SOLENNE E COMUNITARIA"},"content":{"rendered":"<div><span style=\"font-size:12.0pt;font-family:\"Times New Roman\",\"serif\";\nmso-fareast-font-family:Calibri\"><span style=\"font-size: medium;\"><span style=\"font-family: \"Times New Roman\";\">Marted\u00ec 12 settembre 2017 l&#8217;intera Caltagirone si riunisce in Cattedrale: si festeggia l&#8217;anniversario dell&#8217;erezione della Chiesa locale a diocesi. Cos\u00ec ha voluto per quest&#8217;anno e per quelli a venire il vescovo mons. Calogero Peri, che ha dato precise indicazione in chiusura della sua Lettera Pastorale \u201cTu dona, perdona e libera\u201d<i> <\/i>dello scorso 6 gennaio. Sia la data del 4 luglio, giorno della Dedicazione della Cattedrale, che quella del 12 settembre, anniversario della erezione a Diocesi, devono essere &#8220;celebrate ogni anno con modalit\u00e0 solenne e comunitaria, come segno e frutto del Bicentenario&#8221;. &#8220;\u00c9 necessario \u00a0che sia continuamente ribadito con fede e gratitudine al Signore, il sentimento profondo di appartenenza a questa nostra Chiesa diocesana, che \u2013 dice mons. Peri &#8211; \u00e8 il \u201cluogo teologico\u201d e concreto in cui si celebra, in modo sacramentale, l&#8217;unit\u00e0 visibile e organica della intera esperienza ecclesiale&#8221;. In ogni paese della diocesi sono state individuate le modalit\u00e0 celebrative perch\u00e9 le comunit\u00e0 insieme ai loro presbiteri vivano collegialmente un momento celebrativo significativo. A Caltagirone sar\u00e0 lo stesso vescovo a presiedere, in Cattedrale, il solenne pontificale con tutte le comunit\u00e0 della citt\u00e0. Alle ore 19.30 la processione dalla chiesa Sant\u2019Agata. [01]<\/span><\/span><o:p><\/o:p><\/span><\/div>\n","protected":false},"excerpt":{"rendered":"","protected":false},"author":1,"featured_media":0,"comment_status":"open","ping_status":"open","sticky":false,"template":"","format":"standard","meta":[],"categories":[30],"tags":[],"news-destination":[],"news-source":[],"is_homepage":[],"ta_other":[],"_links":{"self":[{"href":"https:\/\/www.chiesedisicilia.org\/chiesedisicilia\/news\/wp-json\/wp\/v2\/posts\/1681"}],"collection":[{"href":"https:\/\/www.chiesedisicilia.org\/chiesedisicilia\/news\/wp-json\/wp\/v2\/posts"}],"about":[{"href":"https:\/\/www.chiesedisicilia.org\/chiesedisicilia\/news\/wp-json\/wp\/v2\/types\/post"}],"author":[{"embeddable":true,"href":"https:\/\/www.chiesedisicilia.org\/chiesedisicilia\/news\/wp-json\/wp\/v2\/users\/1"}],"replies":[{"embeddable":true,"href":"https:\/\/www.chiesedisicilia.org\/chiesedisicilia\/news\/wp-json\/wp\/v2\/comments?post=1681"}],"version-history":[{"count":1,"href":"https:\/\/www.chiesedisicilia.org\/chiesedisicilia\/news\/wp-json\/wp\/v2\/posts\/1681\/revisions"}],"predecessor-version":[{"id":20166,"href":"https:\/\/www.chiesedisicilia.org\/chiesedisicilia\/news\/wp-json\/wp\/v2\/posts\/1681\/revisions\/20166"}],"wp:attachment":[{"href":"https:\/\/www.chiesedisicilia.org\/chiesedisicilia\/news\/wp-json\/wp\/v2\/media?parent=1681"}],"wp:term":[{"taxonomy":"category","embeddable":true,"href":"https:\/\/www.chiesedisicilia.org\/chiesedisicilia\/news\/wp-json\/wp\/v2\/categories?post=1681"},{"taxonomy":"post_tag","embeddable":true,"href":"https:\/\/www.chiesedisicilia.org\/chiesedisicilia\/news\/wp-json\/wp\/v2\/tags?post=1681"},{"taxonomy":"news-destination","embeddable":true,"href":"https:\/\/www.chiesedisicilia.org\/chiesedisicilia\/news\/wp-json\/wp\/v2\/news-destination?post=1681"},{"taxonomy":"news-source","embeddable":true,"href":"https:\/\/www.chiesedisicilia.org\/chiesedisicilia\/news\/wp-json\/wp\/v2\/news-source?post=1681"},{"taxonomy":"is_homepage","embeddable":true,"href":"https:\/\/www.chiesedisicilia.org\/chiesedisicilia\/news\/wp-json\/wp\/v2\/is_homepage?post=1681"},{"taxonomy":"ta_other","embeddable":true,"href":"https:\/\/www.chiesedisicilia.org\/chiesedisicilia\/news\/wp-json\/wp\/v2\/ta_other?post=1681"}],"curies":[{"name":"wp","href":"https:\/\/api.w.org\/{rel}","templated":true}]}}