{"id":1677,"date":"2016-11-24T16:26:00","date_gmt":"2016-11-24T15:26:00","guid":{"rendered":"http:\/\/wptestsite.tecnavia.com\/chiesedisicilia_clientsite\/news\/2016\/11\/24\/caltagirone-notte-bianco-sturziana\/"},"modified":"2018-11-09T11:00:44","modified_gmt":"2018-01-13T11:00:44","slug":"caltagirone-notte-bianco-sturziana","status":"publish","type":"post","link":"https:\/\/www.chiesedisicilia.org\/2016\/11\/24\/caltagirone-notte-bianco-sturziana\/","title":{"rendered":"CALTAGIRONE. NOTTE BIANCO STURZIANA"},"content":{"rendered":"<div><span style=\"font-size:12.0pt;font-family:\"Times New Roman\",\"serif\"\"><span style=\"font-size: medium;\"><span style=\"font-family: \"Times New Roman\";\">Sabato 26 novembre 2016,<b> <\/b>dopo la celebrazione solenne dei Primi Vespri di Avvento in Cattedrale, che dar\u00e0 inizio al <b><i>\u201ctempo forte\u201d <\/i><\/b>nel quale la Comunit\u00e0 Cristiana \u00e8 invitata a mettersi in viaggio verso Betlemme per incontrare il Signore che \u00e8 nato e rivivere la Gioia del Natale, a Caltagirone si vivr\u00e0 una serata,\u00a0 che si prolungher\u00e0 fino alle 22.30, per ricordare la nascita del Servo di Dio don Luigi Sturzo nel 145\u00b0 anniversario che cade proprio il 26 novembre. L\u2019inizio \u00e8 previsto alle ore 19.30 presso l\u2019Atrio del Palazzo Municipale. <\/span><\/span><o:p><\/o:p><\/span><\/div>\n<div><span style=\"font-size: medium;\"><span style=\"font-family: \"Times New Roman\";\"><i>&#8220;Della memoria di don Luigi Sturzo <\/i>\u2013 ha detto mons. Calogero Peri, Vescovo di Caltagirone \u2013,<i> figlio illustre di questa Chiesa e modello di fedelt\u00e0 sacerdotale e di intraprendenza apostolica, di cui \u00e8 in fase avanzata la causa di Beatificazione, e di cui speriamo presto di celebrare il riconoscimento di una santit\u00e0 esemplare, la Chiesa Calatina ha bisogno di accogliere in maniera pi\u00f9 consapevole lo straordinario messaggio di una vita davvero \u201cconsacrata al Signore\u201d nella integra fedelt\u00e0 al suo ministero e spesa per la causa del Regno di Dio e della Salvezza integrale dell\u2019uomo. Il suo ricordo si colloca a pieno titolo nelle celebrazioni del Bicentenario e soprattutto nella scia luminosa del Giubileo della Misericordia, appena concluso, ma che fa suo l\u2019invito di lasciare aperte le porte del cuore perch\u00e9 il fiume della Carit\u00e0 invada e irrori tutto il campo della Chiesa, facendone presenza accogliente e misericordiosa della Speranza cristiana e delle attese di ogni uomo. Di questo, Sturzo, con la sua passione insieme apostolica e \u201cpolitica\u201d \u00e8 stato e resta modello davvero alto ed esemplare&#8221;.<\/i><\/span><\/span><span style=\"font-size:12.0pt;\nfont-family:\"Times New Roman\",\"serif\"\"><i><o:p><\/o:p><\/i><\/span><\/div>\n<div><span style=\"font-size: medium;\"><span style=\"font-family: \"Times New Roman\";\">Dalle 19.30 alle 22.30 sar\u00e0 possibile visitare i luoghi sturziani ripercorrendo le vie del Centro storico della Citt\u00e0 con un \u201citinerario\u201d che sar\u00e0 accompagnato e arricchito da varie iniziative di natura spirituale e culturale. La Commissione per il Bicentenario ha programmato l\u2019evento con la collaborazione di alcune Associazioni socio-culturali che fanno riferimento alla figura di Luigi Sturzo come geniale ispiratore di iniziative in funzione del Bene comune, da perseguire congiuntamente dal mondo laico e credente per la promozione del miglior servizio della Cosa pubblica.<\/span><\/span><span style=\"font-size:12.0pt;font-family:\"Times New Roman\",\"serif\"\"><o:p><\/o:p><\/span><\/div>\n<div><span style=\"font-size: medium;\"><span style=\"font-family: \"Times New Roman\";\">Una serata per percorrere la memoria dell\u2019intenso sentimento di appartenenza alla sua Citt\u00e0, che Luigi Sturzo conserv\u00f2 immutato e tenerissimo anche nel tempo del forzato esilio degli anni bui e difficili della lotta contro il totalitarismo che hanno segnato tragicamente la storia dell\u2019Europa del XX secolo. Dai suoi scritti traspare fortemente questo \u201clegame\u201d con le sue radici, che lo accompagn\u00f2 ininterrottamente, nonostante non riusc\u00ec pi\u00f9 a ricucirlo \u201cfisicamente\u201d, anche dopo il suo rientro dall\u2019esilio. Oggi le sue spoglie, che riposano nel magnifico mausoleo che guarda la sua Casa paterna, continuano ad essere richiamo e monito di una capacit\u00e0 di spendersi per la edificazione della citt\u00e0 terrena.<\/span><\/span><span style=\"font-size:12.0pt;font-family:\"Times New Roman\",\"serif\"\"><o:p><\/o:p><\/span><\/div>\n<div><span style=\"font-size: medium;\"><span style=\"font-family: \"Times New Roman\";\"><i>&#8220;Nell&#8217;ambito delle celebrazioni del Bicentenario <\/i>\u2013 afferma don Antonio Parisi, Presidente della Commissione per il Bicentenario \u2013 <i>non poteva mancare una delle figure pi\u00f9 rappresentative di questi 200 anni,\u00a0 un grande protagonista della missione sociale e politica come importante declinazione della vocazione cristiana. La notte bianca sturziana vuole essere un modo originale per accostarsi a Sturzo, al suo illuminato pensiero e alla sua attivit\u00e0.<\/i> <i>\u00c8 opportunit\u00e0 per tanti certamente singolare e gradita poter peregrinare per le vie e i vicoli suggestivi del Centro storico alla riscoperta dei luoghi dello straordinario impegno umano, cristiano e civile di Luigi Sturzo e del suo eccezionale contributo alle sorti della nostra citt\u00e0 e della pi\u00f9 ampia prospettiva nazionale e internazionale: dalla sua casa natale di via S. Sofia, dove visse con la sua straordinaria famiglia, al Municipio, quel Palazzo dell\u2019Aquila in cui esercit\u00f2 per quasi quattro lustri, come prosindaco, il governo della citt\u00e0 (prima di trasferirsi a Roma per fondare il partito Popolare), al Santuario amatissimo di Maria SS.ma del Ponte, al Seminario Vescovile, che contribu\u00ec a restituire alla Diocesi per la crescita umana, spirituale e culturale dei sacerdoti, al Mausoleo dove le sue spoglie terrene \u201cdormono\u201d nell\u2019attesa della Risurrezione&#8221;.<\/i><\/span><\/span><span style=\"font-size:12.0pt;\nfont-family:\"Times New Roman\",\"serif\"\"><i><o:p><\/o:p><\/i><\/span><\/div>\n<div><span style=\"font-size: medium;\"><span style=\"font-family: \"Times New Roman\";\">Contribuiranno a rendere vivo questo viaggio sturziano della memoria alcune associazioni e realt\u00e0 culturali della nostra diocesi: l\u2019Associazione culturale &#8220;La Conchiglia&#8221;, il gruppo &#8220;Cultura Sturziana&#8221;, i giovani della parrocchia Maria SS.ma del Ponte che appronteranno una ricostruzione in costume della vita del Servo di Dio; Giacomo Barletta, Mario Favara e Costanza Grifeo; i cori &#8220;Puellae et Pueri cantores&#8221; e &#8220;Alma mater cantorum&#8221; insieme ai docenti ed agli allievi dell\u2019Istituto musicale &#8220;Pietro Vinci&#8221;; alcune classi di alunni degli Istituti Montessori&#8221; e &#8220;Giorgio Arcoleo-Vittorino da Feltre\u201d, e dell\u2019IIS &#8220;Carlo Alberto Dalla Chiesa&#8221; di Caltagirone e IPSAAR di Mineo. [01]<\/span><\/span><span style=\"font-size:12.0pt;font-family:\"Times New Roman\",\"serif\"\"><o:p><\/o:p><\/span><\/div>\n","protected":false},"excerpt":{"rendered":"","protected":false},"author":1,"featured_media":0,"comment_status":"open","ping_status":"open","sticky":false,"template":"","format":"standard","meta":[],"categories":[30],"tags":[],"news-destination":[],"news-source":[],"is_homepage":[],"ta_other":[],"_links":{"self":[{"href":"https:\/\/www.chiesedisicilia.org\/chiesedisicilia\/news\/wp-json\/wp\/v2\/posts\/1677"}],"collection":[{"href":"https:\/\/www.chiesedisicilia.org\/chiesedisicilia\/news\/wp-json\/wp\/v2\/posts"}],"about":[{"href":"https:\/\/www.chiesedisicilia.org\/chiesedisicilia\/news\/wp-json\/wp\/v2\/types\/post"}],"author":[{"embeddable":true,"href":"https:\/\/www.chiesedisicilia.org\/chiesedisicilia\/news\/wp-json\/wp\/v2\/users\/1"}],"replies":[{"embeddable":true,"href":"https:\/\/www.chiesedisicilia.org\/chiesedisicilia\/news\/wp-json\/wp\/v2\/comments?post=1677"}],"version-history":[{"count":1,"href":"https:\/\/www.chiesedisicilia.org\/chiesedisicilia\/news\/wp-json\/wp\/v2\/posts\/1677\/revisions"}],"predecessor-version":[{"id":20162,"href":"https:\/\/www.chiesedisicilia.org\/chiesedisicilia\/news\/wp-json\/wp\/v2\/posts\/1677\/revisions\/20162"}],"wp:attachment":[{"href":"https:\/\/www.chiesedisicilia.org\/chiesedisicilia\/news\/wp-json\/wp\/v2\/media?parent=1677"}],"wp:term":[{"taxonomy":"category","embeddable":true,"href":"https:\/\/www.chiesedisicilia.org\/chiesedisicilia\/news\/wp-json\/wp\/v2\/categories?post=1677"},{"taxonomy":"post_tag","embeddable":true,"href":"https:\/\/www.chiesedisicilia.org\/chiesedisicilia\/news\/wp-json\/wp\/v2\/tags?post=1677"},{"taxonomy":"news-destination","embeddable":true,"href":"https:\/\/www.chiesedisicilia.org\/chiesedisicilia\/news\/wp-json\/wp\/v2\/news-destination?post=1677"},{"taxonomy":"news-source","embeddable":true,"href":"https:\/\/www.chiesedisicilia.org\/chiesedisicilia\/news\/wp-json\/wp\/v2\/news-source?post=1677"},{"taxonomy":"is_homepage","embeddable":true,"href":"https:\/\/www.chiesedisicilia.org\/chiesedisicilia\/news\/wp-json\/wp\/v2\/is_homepage?post=1677"},{"taxonomy":"ta_other","embeddable":true,"href":"https:\/\/www.chiesedisicilia.org\/chiesedisicilia\/news\/wp-json\/wp\/v2\/ta_other?post=1677"}],"curies":[{"name":"wp","href":"https:\/\/api.w.org\/{rel}","templated":true}]}}