{"id":16764,"date":"2023-05-24T13:53:45","date_gmt":"2023-05-24T11:53:45","guid":{"rendered":"http:\/\/www-chiesedisicilia-org-euwp*.sitenm.com\/?p=16764"},"modified":"2023-05-24T19:22:38","modified_gmt":"2022-07-28T19:22:38","slug":"e-morto-p-sergio-natoli","status":"publish","type":"post","link":"https:\/\/www.chiesedisicilia.org\/2023\/05\/24\/e-morto-p-sergio-natoli\/","title":{"rendered":"\u00c8 MORTO P. SERGIO NATOLI: IL RICORDO, IL CORDOGLIO, LA PREGHIERA"},"content":{"rendered":"<p>\u201c<em>Il Signore ci ama sempre, sempre, sempre. Un bacione a tutti. Andate avanti<\/em>\u201d. Sono state queste le ultime parole di padre Sergio Natoli della Congregazione dei Missionari Oblati di Maria Immacolata, assistente spirituale della Migrantes di Palermo, morto questa mattina. Il suo pensiero e il messaggio sono stati rivolti a chi ha creduto e crede nell\u2019accoglienza degli stranieri e ai volontari dell\u2019associazione, da lui voluta, \u201cArcobaleno dei Popoli\u201d.<\/p>\n<p>Aveva 74 anni, conviveva con un tumore da diverso tempo, senza rallentare il suo servizio di Consigliere ecclesiastico dell\u2019Ufficio diocesano Migrantes.<\/p>\n<p>Da Roma, dove si trova per i lavori dell\u2019Assemblea Generale della Conferenza Episcopale Italiana, <strong>l\u2019arcivescovo di Palermo, mons. Corrado Lorefice<\/strong>, ha inviato un messaggio al confratello di padre Natoli, p. Adriano Titone OMI: \u201c<em>Sono unito a voi. Porto ancora nel cuore l&#8217;unzione dell&#8217;incontro del 18 maggio con p. Sergio e il balsamo della benedizione che mi ha dato. La Chiesa di Palermo \u00e8 ricca della sua testimonianza e della sua gioia e passione missionaria. Stamattina ho celebrato l&#8217;Eucaristia per lui. Ho ringraziato il Signore per il dono che \u00e8 per la chiesa e per l&#8217;OMI<\/em>\u201d.<\/p>\n<p>A nome dell&#8217;<strong>Ufficio regionale per le Migrazioni della Conferenza episcopale siciliana<\/strong>, a tracciare un ricordo vivido di padre Sergio <em>(cfr. allegato in fondo a questa pagina)<\/em> \u00e8 <strong>Mario Affronti, direttore dell&#8217;Ufficio per la Pastorale delle Migrazioni dell&#8217;arcidiocesi di Palermo<\/strong>, gi\u00e0 direttore regionale. Propone subito delle &#8220;frasi immediate e perci\u00f2 spontanee giunte subito dopo la morte&#8221; che &#8220;dicono tutto di lui&#8221; e racconta l&#8217;incontro, nel\u00a02008, dopo la nomina di p. Sergio a consigliere ecclesiastico dell\u2019Ufficio diocesano Migrantes, il nuovo incontro, nel 2019, come ammalato e, infine, quello durante l&#8217;agonia. &#8220;<em>Mi ha insegnato ancora &#8211; scrive Affronti -, maestro di vita bella e buona<\/em>&#8220;. Affronti ne ricorda attivit\u00e0 e pensiero, attraverso anche diverse citazioni, una su tutte:\u00a0\u201c<em>Il servizio ai migranti non \u00e8 vissuto nel rapporto con i migranti vedendo essi come destinatari nel servizio pastorale, bens\u00ec come persone che camminano lungo la strada della vita. Io cerco di fare un tratto di strada con loro per aiutarli non tanto a essere persone passive ma persone attive, protagoniste nella costruzione di una citt\u00e0 plurale per quelli che decidono di vivere e di stare qui a Palermo<\/em>&#8220;.<\/p>\n<p>\u201c<em>La scomparsa di padre Natoli ci addolora profondamente<\/em> &#8211; ha detto appena appresa la notizia <strong>mons. Pierpaolo Felicolo, direttore generale della Fondazione Migrantes<\/strong>,\u00a0a nome di tutto l\u2019organismo pastorale della Cei\u00a0&#8211; <em>il suo impegno a fianco dei pi\u00f9 poveri \u00e8 stato sempre al centro del suo ministero pastorale. Ha lavorato e si \u00e8 prodigato con iniziative significative, come la Festa dei Popoli,\u00a0per richiamare l\u2019attenzione verso il mondo della mobilit\u00e0. Ma non solo: tante le sue opere di solidariet\u00e0 e di accoglienza. Lo affidiamo oggi al Signore della Vita<\/em>\u00a0&#8211; ha detto &#8211; <em>e ricordiamo il bene profuso al prossimo e la sua ricca testimonianza<\/em>\u201d.<\/p>\n<p>Padre Sergio Natoli sar\u00e0 vegliato da questo pomeriggio e sino alla sera di gioved\u00ec 25 maggio, presso la chiesa di Santa Maria dei Miracoli \u2013 di cui era rettore &#8211; a Piazza Marina. I funerali avranno luogo venerd\u00ec 26 maggio presso la Parrocchia di San Nicol\u00f2 da Tolentino con la Comunit\u00e0 Oblata di Maria Immacolata, in via Maqueda a Palermo.<\/p>\n<p>&nbsp;<\/p>\n<p><strong>ALLEGATI<\/strong><\/p>\n<ul>\n<li><a href=\"https:\/\/www.chiesedisicilia.org\/chiesedisicilia\/news\/wp-content\/uploads\/sites\/2\/2023\/05\/In-ricordo-di-padre-Sergio-Natoli-di-M.-Affronti.pdf\">In ricordo di padre Sergio Natoli &#8211; di M. Affronti<\/a><\/li>\n<\/ul>\n","protected":false},"excerpt":{"rendered":"","protected":false},"author":4,"featured_media":16763,"comment_status":"closed","ping_status":"closed","sticky":false,"template":"","format":"standard","meta":[],"categories":[30],"tags":[],"news-destination":[],"news-source":[],"is_homepage":[],"ta_other":[],"_links":{"self":[{"href":"https:\/\/www.chiesedisicilia.org\/chiesedisicilia\/news\/wp-json\/wp\/v2\/posts\/16764"}],"collection":[{"href":"https:\/\/www.chiesedisicilia.org\/chiesedisicilia\/news\/wp-json\/wp\/v2\/posts"}],"about":[{"href":"https:\/\/www.chiesedisicilia.org\/chiesedisicilia\/news\/wp-json\/wp\/v2\/types\/post"}],"author":[{"embeddable":true,"href":"https:\/\/www.chiesedisicilia.org\/chiesedisicilia\/news\/wp-json\/wp\/v2\/users\/4"}],"replies":[{"embeddable":true,"href":"https:\/\/www.chiesedisicilia.org\/chiesedisicilia\/news\/wp-json\/wp\/v2\/comments?post=16764"}],"version-history":[{"count":3,"href":"https:\/\/www.chiesedisicilia.org\/chiesedisicilia\/news\/wp-json\/wp\/v2\/posts\/16764\/revisions"}],"predecessor-version":[{"id":16768,"href":"https:\/\/www.chiesedisicilia.org\/chiesedisicilia\/news\/wp-json\/wp\/v2\/posts\/16764\/revisions\/16768"}],"wp:featuredmedia":[{"embeddable":true,"href":"https:\/\/www.chiesedisicilia.org\/chiesedisicilia\/news\/wp-json\/wp\/v2\/media\/16763"}],"wp:attachment":[{"href":"https:\/\/www.chiesedisicilia.org\/chiesedisicilia\/news\/wp-json\/wp\/v2\/media?parent=16764"}],"wp:term":[{"taxonomy":"category","embeddable":true,"href":"https:\/\/www.chiesedisicilia.org\/chiesedisicilia\/news\/wp-json\/wp\/v2\/categories?post=16764"},{"taxonomy":"post_tag","embeddable":true,"href":"https:\/\/www.chiesedisicilia.org\/chiesedisicilia\/news\/wp-json\/wp\/v2\/tags?post=16764"},{"taxonomy":"news-destination","embeddable":true,"href":"https:\/\/www.chiesedisicilia.org\/chiesedisicilia\/news\/wp-json\/wp\/v2\/news-destination?post=16764"},{"taxonomy":"news-source","embeddable":true,"href":"https:\/\/www.chiesedisicilia.org\/chiesedisicilia\/news\/wp-json\/wp\/v2\/news-source?post=16764"},{"taxonomy":"is_homepage","embeddable":true,"href":"https:\/\/www.chiesedisicilia.org\/chiesedisicilia\/news\/wp-json\/wp\/v2\/is_homepage?post=16764"},{"taxonomy":"ta_other","embeddable":true,"href":"https:\/\/www.chiesedisicilia.org\/chiesedisicilia\/news\/wp-json\/wp\/v2\/ta_other?post=16764"}],"curies":[{"name":"wp","href":"https:\/\/api.w.org\/{rel}","templated":true}]}}