{"id":1675,"date":"2016-11-07T16:46:00","date_gmt":"2016-11-07T15:46:00","guid":{"rendered":"http:\/\/wptestsite.tecnavia.com\/chiesedisicilia_clientsite\/news\/2016\/11\/07\/caltagirone-torna-la-pagina-del-seminario\/"},"modified":"2018-11-09T11:00:44","modified_gmt":"2018-01-13T11:00:44","slug":"caltagirone-torna-la-pagina-del-seminario","status":"publish","type":"post","link":"https:\/\/www.chiesedisicilia.org\/2016\/11\/07\/caltagirone-torna-la-pagina-del-seminario\/","title":{"rendered":"CALTAGIRONE. TORNA LA &#8220;PAGINA DEL SEMINARIO&#8221;"},"content":{"rendered":"<div><span style=\"font-size: medium;\"><span style=\"font-family: \" times=\"\" new=\"\"><span style=\"color: rgb(29, 33, 41);\">\u201cAffinch\u00e9 possa servire per un pi\u00f9 puntuale servizio di collegamento e di informazione sulla vita del Seminario\u201d, torna a Caltagirone la &#8220;Pagina del Seminario&#8221;. In formato cartaceo, il foglio informativo si trover\u00e0 in tutte le parrocchie, ma sar\u00e0 possibile consultarlo anche in formato digitale anche sul sito della Diocesi.<\/span><\/span><\/span><\/div>\n<div><span style=\"font-size: medium;\"><span style=\"font-family: \" times=\"\" new=\"\">\u201cE\u2019 stato per me motivo di grande gioia poter iniziare il mio ministero con l\u2019ordinazione sacerdotale, il primo giorno di ottobre, di don Luigi De Pasquale e di don Luca Gandolfo. E\u2019 stata gioia grande \u2013 scrive il rettore, don Giuseppe Federico, nell\u2019editoriale della prima uscita di \u201cPagina del Semonario\u201d \u2013 non solo per il dono di due nuovi sacerdoti alla nostra Chiesa diocesana, ma anche perch\u00e9 ho cos\u00ec potuto costatare che la Comunit\u00e0 del Seminario \u00e8 viva e capace di assolvere il suo compito di accompagnare e formare i giovani chiamati al discernimento e alla piena conformazione a Cristo Sacerdote e Pastore. So che molti, dopo il trasferimento a Catania dei seminaristi, pensano che a Caltagirone non ci sia pi\u00f9 il Seminario. In realt\u00e0 il Seminario prima ancora di essere un luogo, \u00e8 una comunit\u00e0 di persone e un tempo da vivere per divenire pastori secondo il cuore di Cristo. Vi posso perci\u00f2 assicurare che il Seminario \u00e8 pi\u00f9 vivo che mai e che continua ad aver bisogno della stima, della preghiera e del sostegno di tutti. Noi contiamo su di voi! Continuate a seguire con amicizia, sostegno e affetto la nostra Comunit\u00e0 \u2013 continua il rettore &#8211; e a trovare altri che, come voi, si impegnino nella preghiera continua per i seminaristi e per le vocazioni e nella sensibilizzazione delle parrocchie alla pastorale vocazionale. Come vedete, la Pagina del Seminario riprende il suo cammino in un formato povero. La ristrettezza economica rende obbligatoria questa scelta ma ne facilita l\u2019uscita periodica, permettendo un pi\u00f9 puntuale servizio di collegamento e di informazione sulla vita del Seminario\u201d. [01]<\/span><\/span><span style=\"font-size:12.0pt;font-family:\" times=\"\" new=\"\"><o:p><\/o:p><\/span><\/div>\n<div>\u00a0<\/div>\n","protected":false},"excerpt":{"rendered":"","protected":false},"author":1,"featured_media":0,"comment_status":"open","ping_status":"open","sticky":false,"template":"","format":"standard","meta":[],"categories":[30],"tags":[],"news-destination":[],"news-source":[],"is_homepage":[],"ta_other":[],"_links":{"self":[{"href":"https:\/\/www.chiesedisicilia.org\/chiesedisicilia\/news\/wp-json\/wp\/v2\/posts\/1675"}],"collection":[{"href":"https:\/\/www.chiesedisicilia.org\/chiesedisicilia\/news\/wp-json\/wp\/v2\/posts"}],"about":[{"href":"https:\/\/www.chiesedisicilia.org\/chiesedisicilia\/news\/wp-json\/wp\/v2\/types\/post"}],"author":[{"embeddable":true,"href":"https:\/\/www.chiesedisicilia.org\/chiesedisicilia\/news\/wp-json\/wp\/v2\/users\/1"}],"replies":[{"embeddable":true,"href":"https:\/\/www.chiesedisicilia.org\/chiesedisicilia\/news\/wp-json\/wp\/v2\/comments?post=1675"}],"version-history":[{"count":1,"href":"https:\/\/www.chiesedisicilia.org\/chiesedisicilia\/news\/wp-json\/wp\/v2\/posts\/1675\/revisions"}],"predecessor-version":[{"id":20160,"href":"https:\/\/www.chiesedisicilia.org\/chiesedisicilia\/news\/wp-json\/wp\/v2\/posts\/1675\/revisions\/20160"}],"wp:attachment":[{"href":"https:\/\/www.chiesedisicilia.org\/chiesedisicilia\/news\/wp-json\/wp\/v2\/media?parent=1675"}],"wp:term":[{"taxonomy":"category","embeddable":true,"href":"https:\/\/www.chiesedisicilia.org\/chiesedisicilia\/news\/wp-json\/wp\/v2\/categories?post=1675"},{"taxonomy":"post_tag","embeddable":true,"href":"https:\/\/www.chiesedisicilia.org\/chiesedisicilia\/news\/wp-json\/wp\/v2\/tags?post=1675"},{"taxonomy":"news-destination","embeddable":true,"href":"https:\/\/www.chiesedisicilia.org\/chiesedisicilia\/news\/wp-json\/wp\/v2\/news-destination?post=1675"},{"taxonomy":"news-source","embeddable":true,"href":"https:\/\/www.chiesedisicilia.org\/chiesedisicilia\/news\/wp-json\/wp\/v2\/news-source?post=1675"},{"taxonomy":"is_homepage","embeddable":true,"href":"https:\/\/www.chiesedisicilia.org\/chiesedisicilia\/news\/wp-json\/wp\/v2\/is_homepage?post=1675"},{"taxonomy":"ta_other","embeddable":true,"href":"https:\/\/www.chiesedisicilia.org\/chiesedisicilia\/news\/wp-json\/wp\/v2\/ta_other?post=1675"}],"curies":[{"name":"wp","href":"https:\/\/api.w.org\/{rel}","templated":true}]}}