{"id":1674,"date":"2016-11-07T15:15:00","date_gmt":"2016-11-07T14:15:00","guid":{"rendered":"http:\/\/wptestsite.tecnavia.com\/chiesedisicilia_clientsite\/news\/2016\/11\/07\/caltagirone-citta-dei-ragazzi-inaugurata-la-mensa\/"},"modified":"2018-11-09T11:00:44","modified_gmt":"2018-01-13T11:00:44","slug":"caltagirone-citta-dei-ragazzi-inaugurata-la-mensa","status":"publish","type":"post","link":"https:\/\/www.chiesedisicilia.org\/2016\/11\/07\/caltagirone-citta-dei-ragazzi-inaugurata-la-mensa\/","title":{"rendered":"CALTAGIRONE. CITTA\u2019 DEI RAGAZZI: INAUGURATA LA MENSA"},"content":{"rendered":"<div><span style=\"font-size:12.0pt;font-family:\"Times New Roman\",\"serif\";\nmso-fareast-font-family:\"Times New Roman\"\"><span style=\"font-size: medium;\"><span style=\"font-family: \"Times New Roman\";\">Sabato 5 novembre 2016 \u00e8 stata inaugurata la mensa della &#8220;Citt\u00e0 dei Ragazzi&#8221; di Caltagirone, luogo caro alla citt\u00e0, che eredita una lunga e significativa memoria di accoglienza successiva ai difficili tempi del dopoguerra, divenuta poi benemerita istituzione per molti lustri con la gestione dei padri canossiani, ed oggi spazio provvidenziale di nuove progettualit\u00e0 sociali e pastorali.<\/span><\/span><o:p><\/o:p><\/span><\/div>\n<div><span style=\"font-size: medium;\"><span style=\"font-family: \"Times New Roman\";\">Lavori di recupero e riadattamento alle nuove esigenze sono stati avviati e sono in corso d\u2019opera in ordine a un articolato progetto di recupero scolastico, affidato alla buona volont\u00e0 di molti e al diffuso volontariato che gi\u00e0 sta costituendosi attorno a quest\u2019opera.<\/span><\/span><span style=\"font-size:12.0pt;font-family:\"Times New Roman\",\"serif\";\nmso-fareast-font-family:\"Times New Roman\"\"><o:p><\/o:p><\/span><\/div>\n<div><span style=\"font-size: medium;\"><span style=\"font-family: \"Times New Roman\";\">Il 19 agosto scorso sono stati inaugurati gli spazi del campo sportivo e dei servizi annessi messi \u201ca norma\u201d e restituiti alla concreta agibilit\u00e0. <\/span><\/span><span style=\"font-size:12.0pt;font-family:\"Times New Roman\",\"serif\";\nmso-fareast-font-family:\"Times New Roman\"\"><o:p><\/o:p><\/span><\/div>\n<div><span style=\"font-size: medium;\"><span style=\"font-family: \"Times New Roman\";\">\u201cAbbiamo realizzato un nuovo step del progetto di avvio della Citt\u00e0 dei Ragazzi \u2013 dice don Francesco Di Stefano, vicedirettore della Citt\u00e0 dei Ragazzi &#8211; che sempre pi\u00f9 appartiene a tutti. Attraverso il servizio della mensa vogliamo manifestare la vicinanza ai bisogni ed alle urgenze crescenti della nostra citt\u00e0 e dei nostri ragazzi\u201d.<\/span><\/span><span style=\"font-size:12.0pt;font-family:\"Times New Roman\",\"serif\";\nmso-fareast-font-family:\"Times New Roman\"\"><o:p><\/o:p><\/span><\/div>\n<div><span style=\"font-size: medium;\"><span style=\"font-family: \"Times New Roman\";\">Questo principio di prossimit\u00e0, che costituisce la sostanza stessa della missione della Chiesa nel mondo, chiamata appunto a farsi \u201cprossimo\u201d di ogni fratello e a percorrere i sentieri della vita e della storia, convoca tutti, credenti e non credenti, alla responsabilit\u00e0 e al coinvolgimento. <\/span><\/span><span style=\"font-size:12.0pt;font-family:\"Times New Roman\",\"serif\";\nmso-fareast-font-family:\"Times New Roman\"\"><o:p><\/o:p><\/span><\/div>\n<div><span style=\"font-size: medium;\"><span style=\"font-family: \"Times New Roman\";\">Sono intervenuti alla manifestazione col vescovo mons. Calogero Peri, il direttore della Citt\u00e0 dei Ragazzi e Presidente della Comunit\u00e0 di Capodarco don Vinicio Albanesi, il sindaco della citt\u00e0 Gino Ioppolo e l\u2019amministrazione comunale. Era presente anche un numeroso gruppo di bambini, di famiglie e volontari. [01]<\/span><\/span><span style=\"font-size:12.0pt;font-family:\"Times New Roman\",\"serif\";\nmso-fareast-font-family:\"Times New Roman\"\"><o:p><\/o:p><\/span><\/div>\n","protected":false},"excerpt":{"rendered":"","protected":false},"author":1,"featured_media":0,"comment_status":"open","ping_status":"open","sticky":false,"template":"","format":"standard","meta":[],"categories":[30],"tags":[],"news-destination":[],"news-source":[],"is_homepage":[],"ta_other":[],"_links":{"self":[{"href":"https:\/\/www.chiesedisicilia.org\/chiesedisicilia\/news\/wp-json\/wp\/v2\/posts\/1674"}],"collection":[{"href":"https:\/\/www.chiesedisicilia.org\/chiesedisicilia\/news\/wp-json\/wp\/v2\/posts"}],"about":[{"href":"https:\/\/www.chiesedisicilia.org\/chiesedisicilia\/news\/wp-json\/wp\/v2\/types\/post"}],"author":[{"embeddable":true,"href":"https:\/\/www.chiesedisicilia.org\/chiesedisicilia\/news\/wp-json\/wp\/v2\/users\/1"}],"replies":[{"embeddable":true,"href":"https:\/\/www.chiesedisicilia.org\/chiesedisicilia\/news\/wp-json\/wp\/v2\/comments?post=1674"}],"version-history":[{"count":1,"href":"https:\/\/www.chiesedisicilia.org\/chiesedisicilia\/news\/wp-json\/wp\/v2\/posts\/1674\/revisions"}],"predecessor-version":[{"id":20159,"href":"https:\/\/www.chiesedisicilia.org\/chiesedisicilia\/news\/wp-json\/wp\/v2\/posts\/1674\/revisions\/20159"}],"wp:attachment":[{"href":"https:\/\/www.chiesedisicilia.org\/chiesedisicilia\/news\/wp-json\/wp\/v2\/media?parent=1674"}],"wp:term":[{"taxonomy":"category","embeddable":true,"href":"https:\/\/www.chiesedisicilia.org\/chiesedisicilia\/news\/wp-json\/wp\/v2\/categories?post=1674"},{"taxonomy":"post_tag","embeddable":true,"href":"https:\/\/www.chiesedisicilia.org\/chiesedisicilia\/news\/wp-json\/wp\/v2\/tags?post=1674"},{"taxonomy":"news-destination","embeddable":true,"href":"https:\/\/www.chiesedisicilia.org\/chiesedisicilia\/news\/wp-json\/wp\/v2\/news-destination?post=1674"},{"taxonomy":"news-source","embeddable":true,"href":"https:\/\/www.chiesedisicilia.org\/chiesedisicilia\/news\/wp-json\/wp\/v2\/news-source?post=1674"},{"taxonomy":"is_homepage","embeddable":true,"href":"https:\/\/www.chiesedisicilia.org\/chiesedisicilia\/news\/wp-json\/wp\/v2\/is_homepage?post=1674"},{"taxonomy":"ta_other","embeddable":true,"href":"https:\/\/www.chiesedisicilia.org\/chiesedisicilia\/news\/wp-json\/wp\/v2\/ta_other?post=1674"}],"curies":[{"name":"wp","href":"https:\/\/api.w.org\/{rel}","templated":true}]}}