{"id":1673,"date":"2016-10-27T12:34:00","date_gmt":"2016-10-27T10:34:00","guid":{"rendered":"http:\/\/wptestsite.tecnavia.com\/chiesedisicilia_clientsite\/news\/2016\/10\/27\/caltagirone-i-lampioni-don-luigi-sturzo-e-la-luce-elettrica-in-sicilia\/"},"modified":"2018-11-09T11:00:44","modified_gmt":"2018-01-13T11:00:44","slug":"caltagirone-i-lampioni-don-luigi-sturzo-e-la-luce-elettrica-in-sicilia","status":"publish","type":"post","link":"https:\/\/www.chiesedisicilia.org\/2016\/10\/27\/caltagirone-i-lampioni-don-luigi-sturzo-e-la-luce-elettrica-in-sicilia\/","title":{"rendered":"CALTAGIRONE. \u201cI LAMPIONI. DON LUIGI STURZO E LA LUCE ELETTRICA IN SICILIA\u201d"},"content":{"rendered":"<div><span style=\"font-size:12.0pt;font-family:\"Times New Roman\",\"serif\"\"><span style=\"font-size: medium;\"><span style=\"font-family: \"Times New Roman\";\">\u201cI lampioni di Caltagirone. Don Luigi Sturzo e la luce elettrica in Sicilia\u201d \u00e8 il titolo del volume di Francesco Failla, edito da Edizioni Dehoniane Bologna (EDB), che sar\u00e0 presentato venerd\u00ec 28 ottobre 2016, alle ore 17.00, nel Salone di rappresentanza del Municipio di Caltagirone.<\/span><\/span><o:p><\/o:p><\/span><\/div>\n<div><span style=\"font-size: medium;\"><span style=\"font-family: \"Times New Roman\";\">L\u2019appuntamento \u00e8 organizzato in collaborazione con la Biblioteca diocesana \u201cPio XI\u201d e la libreria Mondadori di Caltagirone, nell\u2019ambito del ciclo di incontri \u201cIlluminare la speranza\u201d, in programma da mercoled\u00ec 26 a venerd\u00ec 28 ottobre a Palermo e Caltagirone per iniziativa delle EDB. <\/span><\/span><span style=\"font-size:12.0pt;font-family:\"Times New Roman\",\"serif\"\"><o:p><\/o:p><\/span><\/div>\n<div><span style=\"font-size: medium;\"><span style=\"font-family: \"Times New Roman\";\">Interverranno per l\u2019occasione: Vito Dicara, assessore comunale alle Politiche culturali e della tradizione; mons. Calogero Peri, Vescovo di Caltagirone; Domenico Seminerio, scrittore; Pier Luigi Cabri, direttore delle EDB. L\u2019incontro sar\u00e0 moderato dal pubblicista e saggista, Massimo Cappellano.<\/span><\/span><span style=\"font-size:12.0pt;font-family:\"Times New Roman\",\"serif\"\"><o:p><\/o:p><\/span><\/div>\n<div><span style=\"font-size: medium;\"><span style=\"font-family: \"Times New Roman\";\">Il volume ricostruisce, a partire da documenti d\u2019archivio, una vicenda poco nota che vede protagonista don Sturzo negli anni in cui \u00e8 pro-sindaco della citt\u00e0 siciliana. <\/span><\/span><span style=\"font-size:12.0pt;font-family:\"Times New Roman\",\"serif\"\"><o:p><\/o:p><\/span><\/div>\n<div><span style=\"font-size: medium;\"><span style=\"font-family: \"Times New Roman\";\">&#8220;Accanto alla costruzione di edifici e scuole, &#8211; dichiara l\u2019autore, Francesco Failla &#8211; alla sistemazione delle strade pubbliche, della rete idrica e fognaria e alla lotta all\u2019analfabetismo, un\u2019idea all\u2019avanguardia testimonia pi\u00f9 di altre il suo ardire politico e il suo desiderio di sperimentazione: portare la luce elettrica a Caltagirone per migliorare la qualit\u00e0 della vita, la sicurezza nelle ore notturne e la produttivit\u00e0. Nel luogo in cui sorgeva un monastero di clarisse, in pieno centro cittadino, il sacerdote siciliano realizza, superando opposizioni e difficolt\u00e0 di ogni genere, le Officine Elettriche; la gestione viene concessa in appalto, trasformando i costi in investimenti, e le tariffe di fornitura divengono accessibili a tutti. Un avanzato modello di efficienza amministrativa nella Sicilia del primo \u2019900&#8221;. [01]<\/span><\/span><span style=\"font-size:12.0pt;font-family:\"Times New Roman\",\"serif\"\"><o:p><\/o:p><\/span><\/div>\n","protected":false},"excerpt":{"rendered":"","protected":false},"author":1,"featured_media":0,"comment_status":"open","ping_status":"open","sticky":false,"template":"","format":"standard","meta":[],"categories":[30],"tags":[],"news-destination":[],"news-source":[],"is_homepage":[],"ta_other":[],"_links":{"self":[{"href":"https:\/\/www.chiesedisicilia.org\/chiesedisicilia\/news\/wp-json\/wp\/v2\/posts\/1673"}],"collection":[{"href":"https:\/\/www.chiesedisicilia.org\/chiesedisicilia\/news\/wp-json\/wp\/v2\/posts"}],"about":[{"href":"https:\/\/www.chiesedisicilia.org\/chiesedisicilia\/news\/wp-json\/wp\/v2\/types\/post"}],"author":[{"embeddable":true,"href":"https:\/\/www.chiesedisicilia.org\/chiesedisicilia\/news\/wp-json\/wp\/v2\/users\/1"}],"replies":[{"embeddable":true,"href":"https:\/\/www.chiesedisicilia.org\/chiesedisicilia\/news\/wp-json\/wp\/v2\/comments?post=1673"}],"version-history":[{"count":1,"href":"https:\/\/www.chiesedisicilia.org\/chiesedisicilia\/news\/wp-json\/wp\/v2\/posts\/1673\/revisions"}],"predecessor-version":[{"id":20160,"href":"https:\/\/www.chiesedisicilia.org\/chiesedisicilia\/news\/wp-json\/wp\/v2\/posts\/1673\/revisions\/20160"}],"wp:attachment":[{"href":"https:\/\/www.chiesedisicilia.org\/chiesedisicilia\/news\/wp-json\/wp\/v2\/media?parent=1673"}],"wp:term":[{"taxonomy":"category","embeddable":true,"href":"https:\/\/www.chiesedisicilia.org\/chiesedisicilia\/news\/wp-json\/wp\/v2\/categories?post=1673"},{"taxonomy":"post_tag","embeddable":true,"href":"https:\/\/www.chiesedisicilia.org\/chiesedisicilia\/news\/wp-json\/wp\/v2\/tags?post=1673"},{"taxonomy":"news-destination","embeddable":true,"href":"https:\/\/www.chiesedisicilia.org\/chiesedisicilia\/news\/wp-json\/wp\/v2\/news-destination?post=1673"},{"taxonomy":"news-source","embeddable":true,"href":"https:\/\/www.chiesedisicilia.org\/chiesedisicilia\/news\/wp-json\/wp\/v2\/news-source?post=1673"},{"taxonomy":"is_homepage","embeddable":true,"href":"https:\/\/www.chiesedisicilia.org\/chiesedisicilia\/news\/wp-json\/wp\/v2\/is_homepage?post=1673"},{"taxonomy":"ta_other","embeddable":true,"href":"https:\/\/www.chiesedisicilia.org\/chiesedisicilia\/news\/wp-json\/wp\/v2\/ta_other?post=1673"}],"curies":[{"name":"wp","href":"https:\/\/api.w.org\/{rel}","templated":true}]}}