{"id":1666,"date":"2016-04-21T11:42:00","date_gmt":"2016-04-21T09:42:00","guid":{"rendered":"http:\/\/wptestsite.tecnavia.com\/chiesedisicilia_clientsite\/news\/2016\/04\/21\/caltagirone-movimento-per-la-vita-e-cav-uno-di-noi-il-volto-umano-dellembrione\/"},"modified":"2018-11-09T11:00:43","modified_gmt":"2018-01-13T11:00:43","slug":"caltagirone-movimento-per-la-vita-e-cav-uno-di-noi-il-volto-umano-dellembrione","status":"publish","type":"post","link":"https:\/\/www.chiesedisicilia.org\/2016\/04\/21\/caltagirone-movimento-per-la-vita-e-cav-uno-di-noi-il-volto-umano-dellembrione\/","title":{"rendered":"CALTAGIRONE. MOVIMENTO PER LA VITA E CAV: \u201cUNO DI NOI, IL VOLTO UMANO DELL\u2019EMBRIONE\u201d"},"content":{"rendered":"<div><span style=\"font-size:12.0pt;font-family:\"Times New Roman\",\"serif\"\"><span style=\"font-size: medium;\"><span style=\"font-family: 'Times New Roman';\">Fa tappa a Caltagirone, dal 29 aprile al 15 maggio, la mostra itinerante \u201cUno di NOI, il volto umano dell\u2019embrione\u201d realizzata dal Movimento per la Vita Italiano. &#8220;L&#8217;evento propone il ricordo di alcuni momenti significativi quali espressione di solidariet\u00e0 concreta, di presenza culturale, di attesa di un generale rinnovamento. Pensiamo<i> \u2013<span class=\"apple-converted-space\">\u00a0<\/span><\/i><em style=\"outline: 0px\"><span style=\"border: 1pt none windowtext; padding: 0cm; font-style: normal;\">spiega la dr.ssa Alba<\/span><\/em><span class=\"apple-converted-space\"><i><span style=\"border: 1pt none windowtext; padding: 0cm;\">\u00a0<\/span><\/i><\/span><strong style=\"outline: 0px\"><span style=\"border: 1pt none windowtext; padding: 0cm; font-weight: normal;\">Turco,<\/span><\/strong><em><span style=\"border: 1pt none windowtext; padding: 0cm; font-style: normal;\"> presidente del Cav-Mpv di Caltagirone<\/span><\/em><span class=\"apple-converted-space\"><i>\u00a0<\/i><\/span><i>\u2013 <\/i>\u00a0che il valore universale dei temi proposti possa suscitare l\u2019interesse di tutti, specialmente dei giovani che sono alla ricerca di percorsi di crescita su cui basare il loro futuro\u00bb.<\/span><\/span><o:p><\/o:p><\/span><\/div>\n<div><span style=\"font-size: medium;\"><span style=\"font-family: 'Times New Roman';\">La mostra, allestita nella Chiesetta di Sant\u2019Anna, \u00e8 il primo degli eventi in programma in occasione del 30\u00b0 anniversario di costituzione del Centro di Aiuto alla Vita (Cav) e Movimento per la Vita (Mpv) di Caltagirone.<\/span><\/span><span style=\"font-size:12.0pt;\nfont-family:\"Times New Roman\",\"serif\"\"><o:p><\/o:p><\/span><\/div>\n<div><span style=\"font-size: medium;\"><span style=\"font-family: 'Times New Roman';\">&#8220;Abbiamo pensato non ad appuntamenti celebrativi, ma ad occasioni per rappresentarci e raccontarci nel nostro territorio \u2013<span class=\"apple-converted-space\">\u00a0<\/span><em style=\"outline: 0px\"><span style=\"border: 1pt none windowtext; padding: 0cm; font-style: normal;\">aggiunge Turco &#8211; <\/span><\/em>attraverso la realizzazione di momenti di riflessione sui temi riguardanti i nostri scopi associativi&#8221;.<\/span><\/span><span style=\"font-size:12.0pt;\nfont-family:\"Times New Roman\",\"serif\"\"><o:p><\/o:p><\/span><\/div>\n<div><span style=\"font-size: medium;\"><span style=\"font-family: 'Times New Roman';\">Il Cav di Caltagirone \u00e8 stato fondato il 13 giugno 1986, con la finalit\u00e0 di promuovere e difendere la &#8220;vita umana fin dal suo concepimento&#8221;. Per raggiungere queste finalit\u00e0 i soci fondatori si proponevano, tra l\u2019altro, di mettere in atto &#8220;azioni di sensibilizzazione e responsabilizzazione della famiglia, al fine di evitare che il peso della maternit\u00e0 difficile ricadesse interamente sulla donna&#8221;.<\/span><\/span><span style=\"font-size:12.0pt;\nfont-family:\"Times New Roman\",\"serif\"\"><o:p><\/o:p><\/span><\/div>\n<div><span style=\"font-size: medium;\"><span style=\"font-family: 'Times New Roman';\">Il servizio di volontariato offerto dal Cav calatino si \u00e8 concretizzato in un Centro di ascolto ed assistenza e in uno Sportello telefonico, sempre attivo, collegato con SOS VITA del Mpv nazionale. Negli ultimi 15 anni, i volontari del Cav calatino hanno accolto e assistito oltre 550 donne che hanno raccontato le loro storie di indigenza, solitudine, abbandono, violenza, povert\u00e0, ingiustizia sociale. Tra esse molte gestanti che, sostenute dal Cav, hanno dato alla luce oltre 205 bambini: un piccolo esercito di neonati, lattanti, fanciulli ed adolescenti che si affacciano con speranza alla vita.<\/span><\/span><span style=\"font-size:12.0pt;font-family:\"Times New Roman\",\"serif\"\"><o:p><\/o:p><\/span><\/div>\n<div><span style=\"font-size: medium;\"><span style=\"font-family: 'Times New Roman';\">Il Cav di Caltagirone, ampliando i suoi scopi statutari, ha assunto il titolo anche di Movimento per la Vita ONLUS, \u00e8 membro di Federvita Sicilia e del Movimento per la Vita Italiano. [01]<\/span><\/span><span style=\"font-size:12.0pt;\nfont-family:\"Times New Roman\",\"serif\"\"><o:p><\/o:p><\/span><\/div>\n","protected":false},"excerpt":{"rendered":"","protected":false},"author":1,"featured_media":0,"comment_status":"open","ping_status":"open","sticky":false,"template":"","format":"standard","meta":[],"categories":[30],"tags":[],"news-destination":[],"news-source":[],"is_homepage":[],"ta_other":[],"_links":{"self":[{"href":"https:\/\/www.chiesedisicilia.org\/chiesedisicilia\/news\/wp-json\/wp\/v2\/posts\/1666"}],"collection":[{"href":"https:\/\/www.chiesedisicilia.org\/chiesedisicilia\/news\/wp-json\/wp\/v2\/posts"}],"about":[{"href":"https:\/\/www.chiesedisicilia.org\/chiesedisicilia\/news\/wp-json\/wp\/v2\/types\/post"}],"author":[{"embeddable":true,"href":"https:\/\/www.chiesedisicilia.org\/chiesedisicilia\/news\/wp-json\/wp\/v2\/users\/1"}],"replies":[{"embeddable":true,"href":"https:\/\/www.chiesedisicilia.org\/chiesedisicilia\/news\/wp-json\/wp\/v2\/comments?post=1666"}],"version-history":[{"count":1,"href":"https:\/\/www.chiesedisicilia.org\/chiesedisicilia\/news\/wp-json\/wp\/v2\/posts\/1666\/revisions"}],"predecessor-version":[{"id":20152,"href":"https:\/\/www.chiesedisicilia.org\/chiesedisicilia\/news\/wp-json\/wp\/v2\/posts\/1666\/revisions\/20152"}],"wp:attachment":[{"href":"https:\/\/www.chiesedisicilia.org\/chiesedisicilia\/news\/wp-json\/wp\/v2\/media?parent=1666"}],"wp:term":[{"taxonomy":"category","embeddable":true,"href":"https:\/\/www.chiesedisicilia.org\/chiesedisicilia\/news\/wp-json\/wp\/v2\/categories?post=1666"},{"taxonomy":"post_tag","embeddable":true,"href":"https:\/\/www.chiesedisicilia.org\/chiesedisicilia\/news\/wp-json\/wp\/v2\/tags?post=1666"},{"taxonomy":"news-destination","embeddable":true,"href":"https:\/\/www.chiesedisicilia.org\/chiesedisicilia\/news\/wp-json\/wp\/v2\/news-destination?post=1666"},{"taxonomy":"news-source","embeddable":true,"href":"https:\/\/www.chiesedisicilia.org\/chiesedisicilia\/news\/wp-json\/wp\/v2\/news-source?post=1666"},{"taxonomy":"is_homepage","embeddable":true,"href":"https:\/\/www.chiesedisicilia.org\/chiesedisicilia\/news\/wp-json\/wp\/v2\/is_homepage?post=1666"},{"taxonomy":"ta_other","embeddable":true,"href":"https:\/\/www.chiesedisicilia.org\/chiesedisicilia\/news\/wp-json\/wp\/v2\/ta_other?post=1666"}],"curies":[{"name":"wp","href":"https:\/\/api.w.org\/{rel}","templated":true}]}}