{"id":1658,"date":"2015-06-18T10:15:00","date_gmt":"2015-06-18T08:15:00","guid":{"rendered":"http:\/\/wptestsite.tecnavia.com\/chiesedisicilia_clientsite\/news\/2015\/06\/18\/caltagirone-centro-missionario-si-chiude-lanno-pastorale\/"},"modified":"2018-11-09T11:00:40","modified_gmt":"2018-01-13T11:00:40","slug":"caltagirone-centro-missionario-si-chiude-lanno-pastorale","status":"publish","type":"post","link":"https:\/\/www.chiesedisicilia.org\/2015\/06\/18\/caltagirone-centro-missionario-si-chiude-lanno-pastorale\/","title":{"rendered":"CALTAGIRONE. CENTRO MISSIONARIO: SI CHIUDE L\u2019ANNO PASTORALE"},"content":{"rendered":"<div><span style=\"font-size: medium;\"><span style=\"font-family: 'Times New Roman';\">Domenica 14 giugno 2015, alle ore 19.00, nella suggestiva cornice della Scala Maria SS.ma del Monte, sar\u00e0 celebrata la messa delle nazioni, a conclusione dell\u2019anno pastorale del Centro missionario diocesano (Cdm), diretto da suor Olga Rua <i>sgr<\/i>.<\/span><\/span><span style=\"font-size:12.0pt;font-family:\"Times New Roman\",\"serif\";\nmso-fareast-font-family:\"Times New Roman\"\"><o:p><\/o:p><\/span><\/div>\n<div><span style=\"font-size: medium;\"><span style=\"font-family: 'Times New Roman';\">La celebrazione eucaristica sar\u00e0 presieduta da mons. Bruno Pedron, vescovo della Diocesi di Ji Paran\u00e0 (Brasile). Concelebreranno don Enzo Mangano e don Matheos Sheneuda, sacerdote della diocesi di Asiut (Egitto).<\/span><\/span><span style=\"font-size:12.0pt;font-family:\"Times New Roman\",\"serif\";\nmso-fareast-font-family:\"Times New Roman\"\"><o:p><\/o:p><\/span><\/div>\n<div><span style=\"font-size: medium;\"><span style=\"font-family: 'Times New Roman';\">&#8220;Papa Francesco ci ricorda che \u201cla missionariet\u00e0 non \u00e8 solo una questione di territori geografici, ma di popoli, di culture e di singole persone\u201d. Siamo tutti invitati \u00ad- afferma suor Olga &#8211; a fare diventare parte essenziale della nostra vita il mandato di Ges\u00f9 ad essere suoi testimoni in tutto il mondo&#8221;.<\/span><\/span><span style=\"font-size:12.0pt;font-family:\"Times New Roman\",\"serif\";\nmso-fareast-font-family:\"Times New Roman\"\"><o:p><\/o:p><\/span><\/div>\n<div><span style=\"font-size: medium;\"><span style=\"font-family: 'Times New Roman';\">Da quasi dieci anni la Messa delle nazioni, celebrata la prima domenica di ogni mese, nella Chiesetta di San Giuseppe (centro storico di Caltagirone), sempre alle ore 19.30, rappresenta un momento d\u2019incontro sia per quanti operano, a vario titolo, in gruppi o singolarmente, all\u2019attivit\u00e0 missionaria e di promozione missionaria della Diocesi; sia per quanti desiderano scoprire la dimensione missionaria del proprio battesimo.<\/span><\/span><span style=\"font-size:12.0pt;font-family:\"Times New Roman\",\"serif\";\nmso-fareast-font-family:\"Times New Roman\"\"><o:p><\/o:p><\/span><\/div>\n<div><span style=\"font-size: medium;\"><span style=\"font-family: 'Times New Roman';\">Sono numerosi i progetti condotti dal Cdm, in cinque Continenti, in collaborazione con la Co.p.e. (cooperazione paesi emergenti) associazione di volontariato internazionale, con il \u00a0Gruppo missionario ospedaliero e Amici missionari, e con altre realt\u00e0 religiose dai Comboniani, ai Camilliani, dai Missionari dei poveri del terzo mondo, ai Salesiani\u2026<\/span><\/span><span style=\"font-size:12.0pt;font-family:\"Times New Roman\",\"serif\";\nmso-fareast-font-family:\"Times New Roman\"\"><o:p><\/o:p><\/span><\/div>\n<div><span style=\"font-size: medium;\"><span style=\"font-family: 'Times New Roman';\">Il Centro missionario invita e coinvolge uomini, donne, bambini, anziani, consacrati, ammalati, immigrati, famiglie, scuole, parrocchie &#8220;in un\u2019esperienza che solo il Vangelo di Ges\u00f9 pu\u00f2 rendere possibile: la fraternit\u00e0 nella diversit\u00e0 e nello scambio di vissuti e di fede, che si fa rendimento di grazie a Dio Padre per il suo amore. Il nostro pensiero &#8211; conclude il direttore del Cdm &#8211; va ai missionari e alle comunit\u00e0 credenti che in ogni parte del Mondo subiscono violenze e terrore. A loro rivolgiamo la nostra preghiera e il nostro impegno concreto&#8221;. [01]<\/span><\/span><span style=\"font-size:12.0pt;font-family:\"Times New Roman\",\"serif\";\nmso-fareast-font-family:\"Times New Roman\"\"><o:p><\/o:p><\/span><\/div>\n","protected":false},"excerpt":{"rendered":"","protected":false},"author":1,"featured_media":0,"comment_status":"open","ping_status":"open","sticky":false,"template":"","format":"standard","meta":[],"categories":[30],"tags":[],"news-destination":[],"news-source":[],"is_homepage":[],"ta_other":[],"_links":{"self":[{"href":"https:\/\/www.chiesedisicilia.org\/chiesedisicilia\/news\/wp-json\/wp\/v2\/posts\/1658"}],"collection":[{"href":"https:\/\/www.chiesedisicilia.org\/chiesedisicilia\/news\/wp-json\/wp\/v2\/posts"}],"about":[{"href":"https:\/\/www.chiesedisicilia.org\/chiesedisicilia\/news\/wp-json\/wp\/v2\/types\/post"}],"author":[{"embeddable":true,"href":"https:\/\/www.chiesedisicilia.org\/chiesedisicilia\/news\/wp-json\/wp\/v2\/users\/1"}],"replies":[{"embeddable":true,"href":"https:\/\/www.chiesedisicilia.org\/chiesedisicilia\/news\/wp-json\/wp\/v2\/comments?post=1658"}],"version-history":[{"count":1,"href":"https:\/\/www.chiesedisicilia.org\/chiesedisicilia\/news\/wp-json\/wp\/v2\/posts\/1658\/revisions"}],"predecessor-version":[{"id":20144,"href":"https:\/\/www.chiesedisicilia.org\/chiesedisicilia\/news\/wp-json\/wp\/v2\/posts\/1658\/revisions\/20144"}],"wp:attachment":[{"href":"https:\/\/www.chiesedisicilia.org\/chiesedisicilia\/news\/wp-json\/wp\/v2\/media?parent=1658"}],"wp:term":[{"taxonomy":"category","embeddable":true,"href":"https:\/\/www.chiesedisicilia.org\/chiesedisicilia\/news\/wp-json\/wp\/v2\/categories?post=1658"},{"taxonomy":"post_tag","embeddable":true,"href":"https:\/\/www.chiesedisicilia.org\/chiesedisicilia\/news\/wp-json\/wp\/v2\/tags?post=1658"},{"taxonomy":"news-destination","embeddable":true,"href":"https:\/\/www.chiesedisicilia.org\/chiesedisicilia\/news\/wp-json\/wp\/v2\/news-destination?post=1658"},{"taxonomy":"news-source","embeddable":true,"href":"https:\/\/www.chiesedisicilia.org\/chiesedisicilia\/news\/wp-json\/wp\/v2\/news-source?post=1658"},{"taxonomy":"is_homepage","embeddable":true,"href":"https:\/\/www.chiesedisicilia.org\/chiesedisicilia\/news\/wp-json\/wp\/v2\/is_homepage?post=1658"},{"taxonomy":"ta_other","embeddable":true,"href":"https:\/\/www.chiesedisicilia.org\/chiesedisicilia\/news\/wp-json\/wp\/v2\/ta_other?post=1658"}],"curies":[{"name":"wp","href":"https:\/\/api.w.org\/{rel}","templated":true}]}}