{"id":1654,"date":"2015-04-23T11:08:00","date_gmt":"2015-04-23T09:08:00","guid":{"rendered":"http:\/\/wptestsite.tecnavia.com\/chiesedisicilia_clientsite\/news\/2015\/04\/23\/caltagirone-verso-firenze-2015-nella-prospettiva-dellarte-e-della-cultura\/"},"modified":"2018-11-09T11:00:40","modified_gmt":"2018-01-13T11:00:40","slug":"caltagirone-verso-firenze-2015-nella-prospettiva-dellarte-e-della-cultura","status":"publish","type":"post","link":"https:\/\/www.chiesedisicilia.org\/2015\/04\/23\/caltagirone-verso-firenze-2015-nella-prospettiva-dellarte-e-della-cultura\/","title":{"rendered":"CALTAGIRONE. &#8220;VERSO FIRENZE 2015&#8221;, NELLA PROSPETTIVA DELL\u2019ARTE E DELLA CULTURA"},"content":{"rendered":"<div><span style=\"font-size:12.0pt;font-family:\" times=\"\" new=\"\"><span style=\"font-size: medium;\"><span style=\"font-family: 'Times New Roman';\">Gioved\u00ec 23 aprile 2015, alle ore 18.30, presso la Sala Congressi dell\u2019Hotel Villa Sturzo, si svolger\u00e0 l\u2019incontro culturale sul tema &#8220;Tu sei il pi\u00f9 bello tra i figli dell\u2019uomo (Sal 44,3)&#8221;, promosso e organizzato da don Francesco Brancato, vicario episcopale per la Cultura, nell\u2019ambito del percorso diocesano di approfondimento in preparazione al Convegno Ecclesiale di Firenze del prossimo novembre.<\/span><\/span><o:p><\/o:p><\/span><\/div>\n<div><span style=\"font-size: medium;\"><span style=\"font-family: 'Times New Roman';\">Dopo il momento di riflessione del mese di marzo incentrato su &#8220;La dimensione umanistica della scienza&#8221;, questo nuovo appuntamento si presenta come un\u2019opportunit\u00e0 per i sacerdoti, gli operatori pastorali e tutti coloro che sono interessati a un confronto critico e costruttivo con le istanze della fede e che sono animati dalle domande fondamentali che interessano il cuore di tutti gli \u201cuomini di buona volont\u00e0\u201d.<\/span><\/span><span style=\"font-size:12.0pt;font-family:\" times=\"\" new=\"\"><o:p><\/o:p><\/span><\/div>\n<div><span style=\"font-size: medium;\"><span style=\"font-family: 'Times New Roman';\">Ospite dell\u2019incontro sar\u00e0 mons. Timothy Verdon, noto storico dell\u2019arte, teologo e conferenziere di fama internazionale. Di origini statunitensi, ma residente a Firenze da moltissimi anni. Verdon \u00e8 direttore dell\u2019Ufficio per i Beni culturali della Diocesi di Firenze e del Museo dell\u2019Opera del Duomo di Santa Maria del Fiore.<\/span><\/span><span style=\"font-size:12.0pt;font-family:\" times=\"\" new=\"\"><o:p><\/o:p><\/span><\/div>\n<div><span style=\"font-size: medium;\"><span style=\"font-family: 'Times New Roman';\">Il lavoro di mons. Verdon \u00e8 focalizzato sul nesso dinamico tra queste realt\u00e0: il mistero di Dio, la liturgia della Chiesa e l&#8217;arte plasmata a servizio della fede.<\/span><\/span><span style=\"font-size:12.0pt;font-family:\" times=\"\" new=\"\"><o:p><\/o:p><\/span><\/div>\n<div><span style=\"font-size: medium;\"><span style=\"font-family: 'Times New Roman';\">&#8220;Il pomeriggio di riflessione che vivremo &#8211; afferma don Brancato -, in cui con l\u2019aiuto sapiente di un noto studioso della storia dell\u2019arte, della levatura di mons. Timothy Verdon, saremo introdotti nel mondo della bellezza divina che si riflette nel volto di Cristo, modello di ogni uomo, risulter\u00e0 senza alcun dubbio fruttuoso per chiunque vorr\u00e0 beneficiare di questa opportunit\u00e0 per vivere un\u2019altra importante tappa dell\u2019itinerario che stiamo percorrendo, come chiesa particolare, in preparazione al prossimo appuntamento della chiesa italiana&#8221;.<\/span><\/span><span style=\"font-size:12.0pt;font-family:\" times=\"\" new=\"\"><o:p><\/o:p><\/span><\/div>\n<div><span style=\"font-size: medium;\"><span style=\"font-family: 'Times New Roman';\">Il programma, prevede, dopo i saluti di mons. Calogero Peri, vescovo di Caltagirone: l&#8217;introduzione di don Brancato, che si soffermer\u00e0 su &#8220;Teologia e arti visive. Per una prospettiva antropologica&#8221;; la prolusione di mons. Verdon sul tema &#8220;Un nuovo umanesimo cristiano: il Convegno Ecclesiale di Firenze nella prospettiva dell\u2019arte e della cultura&#8221;. Successivamente degli interventi e le conclusioni.<\/span><\/span><span style=\"font-size:12.0pt;font-family:\" times=\"\" new=\"\"><o:p><\/o:p><\/span><\/div>\n<div><span style=\"font-size: medium;\"><span style=\"font-family: 'Times New Roman';\">&#8220;L\u2019ascolto della relazione del prof. Verdon &#8211; aggiunge don Brancato &#8211; e soprattutto la visione delle immagini sacre, siano esse dipinti, ma anche mosaici, statue\u2026 ci aiuter\u00e0 senza ombra di dubbio nella contemplazione del mistero di Cristo, del suo volto sfigurato e trasfigurato, nel quale trova la sua luce pi\u00f9 vera e autentica il mistero stesso dell\u2019uomo e quindi il mistero del mondo e il senso della storia&#8221;. [01]<\/span><\/span><span style=\"font-size:12.0pt;font-family:\" times=\"\" new=\"\"><o:p><\/o:p><\/span><\/div>\n","protected":false},"excerpt":{"rendered":"","protected":false},"author":1,"featured_media":0,"comment_status":"open","ping_status":"open","sticky":false,"template":"","format":"standard","meta":[],"categories":[30],"tags":[],"news-destination":[],"news-source":[],"is_homepage":[],"ta_other":[],"_links":{"self":[{"href":"https:\/\/www.chiesedisicilia.org\/chiesedisicilia\/news\/wp-json\/wp\/v2\/posts\/1654"}],"collection":[{"href":"https:\/\/www.chiesedisicilia.org\/chiesedisicilia\/news\/wp-json\/wp\/v2\/posts"}],"about":[{"href":"https:\/\/www.chiesedisicilia.org\/chiesedisicilia\/news\/wp-json\/wp\/v2\/types\/post"}],"author":[{"embeddable":true,"href":"https:\/\/www.chiesedisicilia.org\/chiesedisicilia\/news\/wp-json\/wp\/v2\/users\/1"}],"replies":[{"embeddable":true,"href":"https:\/\/www.chiesedisicilia.org\/chiesedisicilia\/news\/wp-json\/wp\/v2\/comments?post=1654"}],"version-history":[{"count":1,"href":"https:\/\/www.chiesedisicilia.org\/chiesedisicilia\/news\/wp-json\/wp\/v2\/posts\/1654\/revisions"}],"predecessor-version":[{"id":20140,"href":"https:\/\/www.chiesedisicilia.org\/chiesedisicilia\/news\/wp-json\/wp\/v2\/posts\/1654\/revisions\/20140"}],"wp:attachment":[{"href":"https:\/\/www.chiesedisicilia.org\/chiesedisicilia\/news\/wp-json\/wp\/v2\/media?parent=1654"}],"wp:term":[{"taxonomy":"category","embeddable":true,"href":"https:\/\/www.chiesedisicilia.org\/chiesedisicilia\/news\/wp-json\/wp\/v2\/categories?post=1654"},{"taxonomy":"post_tag","embeddable":true,"href":"https:\/\/www.chiesedisicilia.org\/chiesedisicilia\/news\/wp-json\/wp\/v2\/tags?post=1654"},{"taxonomy":"news-destination","embeddable":true,"href":"https:\/\/www.chiesedisicilia.org\/chiesedisicilia\/news\/wp-json\/wp\/v2\/news-destination?post=1654"},{"taxonomy":"news-source","embeddable":true,"href":"https:\/\/www.chiesedisicilia.org\/chiesedisicilia\/news\/wp-json\/wp\/v2\/news-source?post=1654"},{"taxonomy":"is_homepage","embeddable":true,"href":"https:\/\/www.chiesedisicilia.org\/chiesedisicilia\/news\/wp-json\/wp\/v2\/is_homepage?post=1654"},{"taxonomy":"ta_other","embeddable":true,"href":"https:\/\/www.chiesedisicilia.org\/chiesedisicilia\/news\/wp-json\/wp\/v2\/ta_other?post=1654"}],"curies":[{"name":"wp","href":"https:\/\/api.w.org\/{rel}","templated":true}]}}