{"id":1652,"date":"2015-04-02T23:48:00","date_gmt":"2015-04-02T21:48:00","guid":{"rendered":"http:\/\/wptestsite.tecnavia.com\/chiesedisicilia_clientsite\/news\/2015\/04\/02\/caltagirone-cantavano-un-canto-nuovo-concerti-dei-cantori-della-turrita\/"},"modified":"2018-11-09T11:00:40","modified_gmt":"2018-01-13T11:00:40","slug":"caltagirone-cantavano-un-canto-nuovo-concerti-dei-cantori-della-turrita","status":"publish","type":"post","link":"https:\/\/www.chiesedisicilia.org\/2015\/04\/02\/caltagirone-cantavano-un-canto-nuovo-concerti-dei-cantori-della-turrita\/","title":{"rendered":"CALTAGIRONE. \u201cCANTAVANO UN CANTO NUOVO\u201d: CONCERTI DEI CANTORI DELLA TURRITA"},"content":{"rendered":"<div><span style=\"font-size: medium;\"><span style=\"font-family: 'Times New Roman';\">In occasione della Santa Pasqua di Risurrezione, i cantori della Turrita, coro di voci bianche di Bellinzona (Svizzera), diretto dal 2011 dal maestro Daniela Beltraminelli, offrir\u00e0 due concerti, il primo dei quali nella serata del <strong>5 aprile 2015<\/strong>, vigilia della Santa Pasqua, alle ore 20, presso la chiesa Ges\u00f9 Redentore di Scordia, dove animer\u00e0 anche la santa messa delle ore 19 con canti polifonici, e il secondo la sera del <strong>9 aprile<\/strong>, alle ore 20, presso la chiesa parrocchiale San Giovanni Bosco a Caltagirone.<\/span><\/span><span style=\"font-size:12.0pt;font-family:\"Times New Roman\",\"serif\"\"><o:p><\/o:p><\/span><\/div>\n<div><span style=\"font-size: medium;\"><span style=\"font-family: 'Times New Roman';\">I due concerti saranno preceduti da un intervento di don Francesco Brancato, vicario episcopale per la Cultura, che presenter\u00e0 le linee fondamentali della Traccia in preparazione al prossimo Convegno ecclesiale di Firenze 2015.<\/span><\/span><span style=\"font-size:12.0pt;font-family:\"Times New Roman\",\"serif\"\"><o:p><\/o:p><\/span><\/div>\n<div><span style=\"font-size: medium;\"><span style=\"font-family: 'Times New Roman';\">L\u2019iniziativa, infatti, si inserisce nel cammino che la Chiesa calatina sta compiendo in preparazione al prossimo evento ecclesiale delle diocesi italiane.<\/span><\/span><span style=\"font-size:12.0pt;font-family:\"Times New Roman\",\"serif\"\"><o:p><\/o:p><\/span><\/div>\n<div><span style=\"font-size: medium;\"><span style=\"font-family: 'Times New Roman';\">\u201cAttraverso la musica e il canto &#8211; spiega don Brancato &#8211; siamo chiamati a contemplare il mistero dell\u2019uomo redento da Cristo e in lui fatto nuova creatura\u201d.<\/span><\/span><span style=\"font-size:12.0pt;font-family:\"Times New Roman\",\"serif\"\"><o:p><\/o:p><\/span><\/div>\n<div><span style=\"font-size: medium;\"><span style=\"font-family: 'Times New Roman';\">I Cantori della Turrita hanno cantato in tutta l\u2019Europa ed hanno realizzato tourn\u00e9e anche in Argentina e in Venezuela, vincendo premi e ricevendo riconoscimenti sempre pi\u00f9 prestigiosi negli anni della loro attivit\u00e0. In una delle numerose recensioni le loro esecuzioni sono state apprezzate per le \u201cvoci di purezza assoluta, fraseggi incisivi e contrappunti trasparenti\u201d.<\/span><\/span><span style=\"font-size:12.0pt;font-family:\"Times New Roman\",\"serif\"\"><o:p><\/o:p><\/span><\/div>\n<div><span style=\"font-size: medium;\"><span style=\"font-family: 'Times New Roman';\">\u201cGrazie ai giovanissimi cantori &#8211; continua don Brancato &#8211; potremo cogliere un\u2019ulteriore occasione per soffermarci a contemplare il mistero dell\u2019uomo alla luce del mistero di Cristo e potremo farlo grazie alla bellezza della musica e, in particolare, del canto gregoriano. Un ringraziamento particolare &#8211; aggiunge il vicario episcopale per la Cultura &#8211; rivolgo all\u2019ing. Fulvio Caccia, presidente del coro e alla direttrice, il maestro Beltraminelli, i quali hanno voluto offrire questo dono gradito anche in memoria di don Luigi Sturzo il quale durante il suo esilio pubblicava i suoi articoli anche sulla rivista Popolo e Libert\u00e0 di Bellinzona\u201d.<\/span><\/span><span style=\"font-size:12.0pt;font-family:\"Times New Roman\",\"serif\"\"><o:p><\/o:p><\/span><\/div>\n<div><span style=\"font-size: medium;\"><span style=\"font-family: 'Times New Roman';\">La direttrice del coro, il maestro Daniela Beltraminelli, \u00e8 diplomata in violino al conservatorio della Svizzera italiana e alla Musikhochschule di Trossingen, ed \u00e8 laureata in Canto barocco presso il conservatorio Arrigo Pedrollo di Vicenza. [01]<\/span><\/span><span style=\"font-size:12.0pt;font-family:\"Times New Roman\",\"serif\"\"><sup><o:p><\/o:p><\/sup><\/span><\/div>\n","protected":false},"excerpt":{"rendered":"","protected":false},"author":1,"featured_media":0,"comment_status":"open","ping_status":"open","sticky":false,"template":"","format":"standard","meta":[],"categories":[30],"tags":[],"news-destination":[],"news-source":[],"is_homepage":[],"ta_other":[],"_links":{"self":[{"href":"https:\/\/www.chiesedisicilia.org\/chiesedisicilia\/news\/wp-json\/wp\/v2\/posts\/1652"}],"collection":[{"href":"https:\/\/www.chiesedisicilia.org\/chiesedisicilia\/news\/wp-json\/wp\/v2\/posts"}],"about":[{"href":"https:\/\/www.chiesedisicilia.org\/chiesedisicilia\/news\/wp-json\/wp\/v2\/types\/post"}],"author":[{"embeddable":true,"href":"https:\/\/www.chiesedisicilia.org\/chiesedisicilia\/news\/wp-json\/wp\/v2\/users\/1"}],"replies":[{"embeddable":true,"href":"https:\/\/www.chiesedisicilia.org\/chiesedisicilia\/news\/wp-json\/wp\/v2\/comments?post=1652"}],"version-history":[{"count":1,"href":"https:\/\/www.chiesedisicilia.org\/chiesedisicilia\/news\/wp-json\/wp\/v2\/posts\/1652\/revisions"}],"predecessor-version":[{"id":20138,"href":"https:\/\/www.chiesedisicilia.org\/chiesedisicilia\/news\/wp-json\/wp\/v2\/posts\/1652\/revisions\/20138"}],"wp:attachment":[{"href":"https:\/\/www.chiesedisicilia.org\/chiesedisicilia\/news\/wp-json\/wp\/v2\/media?parent=1652"}],"wp:term":[{"taxonomy":"category","embeddable":true,"href":"https:\/\/www.chiesedisicilia.org\/chiesedisicilia\/news\/wp-json\/wp\/v2\/categories?post=1652"},{"taxonomy":"post_tag","embeddable":true,"href":"https:\/\/www.chiesedisicilia.org\/chiesedisicilia\/news\/wp-json\/wp\/v2\/tags?post=1652"},{"taxonomy":"news-destination","embeddable":true,"href":"https:\/\/www.chiesedisicilia.org\/chiesedisicilia\/news\/wp-json\/wp\/v2\/news-destination?post=1652"},{"taxonomy":"news-source","embeddable":true,"href":"https:\/\/www.chiesedisicilia.org\/chiesedisicilia\/news\/wp-json\/wp\/v2\/news-source?post=1652"},{"taxonomy":"is_homepage","embeddable":true,"href":"https:\/\/www.chiesedisicilia.org\/chiesedisicilia\/news\/wp-json\/wp\/v2\/is_homepage?post=1652"},{"taxonomy":"ta_other","embeddable":true,"href":"https:\/\/www.chiesedisicilia.org\/chiesedisicilia\/news\/wp-json\/wp\/v2\/ta_other?post=1652"}],"curies":[{"name":"wp","href":"https:\/\/api.w.org\/{rel}","templated":true}]}}