{"id":1645,"date":"2015-03-09T22:28:00","date_gmt":"2015-03-09T21:28:00","guid":{"rendered":"http:\/\/wptestsite.tecnavia.com\/chiesedisicilia_clientsite\/news\/2015\/03\/09\/caltagirone-nomine-allufficio-diocesano-per-la-famiglia\/"},"modified":"2018-11-09T11:00:40","modified_gmt":"2018-01-13T11:00:40","slug":"caltagirone-nomine-allufficio-diocesano-per-la-famiglia","status":"publish","type":"post","link":"https:\/\/www.chiesedisicilia.org\/2015\/03\/09\/caltagirone-nomine-allufficio-diocesano-per-la-famiglia\/","title":{"rendered":"CALTAGIRONE. NOMINE ALL\u2019UFFICIO DIOCESANO PER LA FAMIGLIA"},"content":{"rendered":"<p class=\"MsoNormal\" style=\"margin-bottom: 0.0001pt; text-align: justify;\"><span style=\"font-family: 'Times New Roman';\"><span style=\"font-size: medium;\">Mons. Calogero Peri, vescovo di Caltagirone, ha nominato don Rocco Todero, condirettore dell\u2019Ufficio diocesano per la Famiglia (Udf). \u201cEsprimo i miei auguri di buon lavoro a don Todero e a tutti i componenti dell\u2019Ufficio diocesano per la Famiglia &#8211; afferma mons. Peri -. La famiglia \u00e8 sempre al centro delle attenzioni pastorali della Chiesa ed oggi lo \u00e8 ancora di pi\u00f9. Il cammino sinodale, che papa Francesco ha voluto, richiama tutta la comunit\u00e0 ad un maggiore impegno ed a un pi\u00f9 attento discernimento, al quale partecipa anche la nostra Chiesa diocesana\u201d.<\/span><\/span><span style=\"font-size:12.0pt;font-family:\" times=\"\" new=\"\"><o:p><\/o:p><\/span><\/p>\n<p class=\"MsoNormal\" style=\"margin-bottom: 0.0001pt; text-align: justify;\"><span style=\"font-family: 'Times New Roman';\"><span style=\"font-size: medium;\">L\u2019Udf \u00e8 diretto da don Antonio Carcanella e da Lorena e Pino Busacca; sono condirettori don Rocco Todero e Fortuna ed Enzo Ruggieri; mentre la segreteria \u00e8 affidata ad Antonella e Tino Caruso. Collaboratori dell\u2019Ufficio sono: Irene e Pippo Bonanno, Concetta e Roberto Cinnirella, Antonella e Sebastiano Greco, Ina e Nicola Sinatra, Angela e Enzo Velardita.<\/span><\/span><span style=\"font-size:12.0pt;font-family:\" times=\"\" new=\"\"><o:p><\/o:p><\/span><\/p>\n<p class=\"MsoNormal\" style=\"margin-bottom: 0.0001pt; text-align: justify;\"><span style=\"font-family: 'Times New Roman';\"><span style=\"font-size: medium;\">In vista del sinodo ordinario 2015 (4-25 ottobre), l\u2019Udf sta attualmente coordinando la somministrazione, in Diocesi, del nuovo questionario per la recezione e l\u2019approfondimento della\u00a0<i>Relatio<\/i> del sinodo straordinario del 5-19 ottobre 2014, per elaborarne successivamente la sintesi.<\/span><\/span><span style=\"font-size:12.0pt;font-family:\" times=\"\" new=\"\"><o:p><\/o:p><\/span><\/p>\n<p class=\"MsoNormal\" style=\"margin-bottom: 0.0001pt; text-align: justify;\"><span style=\"font-family: 'Times New Roman';\"><span style=\"font-size: medium;\">\u201c\u00c8 una preziosa opportunit\u00e0 per continuare a riflettere sulla famiglia e gli interrogativi emergenti che la riguardano &#8211; affermano i direttori dell\u2019Udf -, offrendo cos\u00ec il nostro contributo al cammino sinodale ed acquisendo maggiori informazioni per programmare un impegno pastorale pi\u00f9 preciso ed in linea con le indicazioni che ci daranno i Vescovi e il Papa\u201d.<span times=\"\" new=\"\">\u00a0[01]<\/span><\/span><\/span><span style=\"font-size:12.0pt;font-family:\" times=\"\" new=\"\"><o:p><\/o:p><\/span><\/p>\n","protected":false},"excerpt":{"rendered":"","protected":false},"author":1,"featured_media":0,"comment_status":"open","ping_status":"open","sticky":false,"template":"","format":"standard","meta":[],"categories":[30],"tags":[],"news-destination":[],"news-source":[],"is_homepage":[],"ta_other":[],"_links":{"self":[{"href":"https:\/\/www.chiesedisicilia.org\/chiesedisicilia\/news\/wp-json\/wp\/v2\/posts\/1645"}],"collection":[{"href":"https:\/\/www.chiesedisicilia.org\/chiesedisicilia\/news\/wp-json\/wp\/v2\/posts"}],"about":[{"href":"https:\/\/www.chiesedisicilia.org\/chiesedisicilia\/news\/wp-json\/wp\/v2\/types\/post"}],"author":[{"embeddable":true,"href":"https:\/\/www.chiesedisicilia.org\/chiesedisicilia\/news\/wp-json\/wp\/v2\/users\/1"}],"replies":[{"embeddable":true,"href":"https:\/\/www.chiesedisicilia.org\/chiesedisicilia\/news\/wp-json\/wp\/v2\/comments?post=1645"}],"version-history":[{"count":1,"href":"https:\/\/www.chiesedisicilia.org\/chiesedisicilia\/news\/wp-json\/wp\/v2\/posts\/1645\/revisions"}],"predecessor-version":[{"id":20129,"href":"https:\/\/www.chiesedisicilia.org\/chiesedisicilia\/news\/wp-json\/wp\/v2\/posts\/1645\/revisions\/20129"}],"wp:attachment":[{"href":"https:\/\/www.chiesedisicilia.org\/chiesedisicilia\/news\/wp-json\/wp\/v2\/media?parent=1645"}],"wp:term":[{"taxonomy":"category","embeddable":true,"href":"https:\/\/www.chiesedisicilia.org\/chiesedisicilia\/news\/wp-json\/wp\/v2\/categories?post=1645"},{"taxonomy":"post_tag","embeddable":true,"href":"https:\/\/www.chiesedisicilia.org\/chiesedisicilia\/news\/wp-json\/wp\/v2\/tags?post=1645"},{"taxonomy":"news-destination","embeddable":true,"href":"https:\/\/www.chiesedisicilia.org\/chiesedisicilia\/news\/wp-json\/wp\/v2\/news-destination?post=1645"},{"taxonomy":"news-source","embeddable":true,"href":"https:\/\/www.chiesedisicilia.org\/chiesedisicilia\/news\/wp-json\/wp\/v2\/news-source?post=1645"},{"taxonomy":"is_homepage","embeddable":true,"href":"https:\/\/www.chiesedisicilia.org\/chiesedisicilia\/news\/wp-json\/wp\/v2\/is_homepage?post=1645"},{"taxonomy":"ta_other","embeddable":true,"href":"https:\/\/www.chiesedisicilia.org\/chiesedisicilia\/news\/wp-json\/wp\/v2\/ta_other?post=1645"}],"curies":[{"name":"wp","href":"https:\/\/api.w.org\/{rel}","templated":true}]}}