{"id":1638,"date":"2015-02-12T11:26:00","date_gmt":"2015-02-12T10:26:00","guid":{"rendered":"http:\/\/wptestsite.tecnavia.com\/chiesedisicilia_clientsite\/news\/2015\/02\/12\/caltagirone-giornata-del-malato-lincontro-con-cristo-risana-luomo\/"},"modified":"2018-11-09T11:00:40","modified_gmt":"2018-01-13T11:00:40","slug":"caltagirone-giornata-del-malato-lincontro-con-cristo-risana-luomo","status":"publish","type":"post","link":"https:\/\/www.chiesedisicilia.org\/2015\/02\/12\/caltagirone-giornata-del-malato-lincontro-con-cristo-risana-luomo\/","title":{"rendered":"CALTAGIRONE. GIORNATA DEL MALATO: \u201cL\u2019INCONTRO CON CRISTO RISANA L\u2019UOMO\u201d"},"content":{"rendered":"<div><span style=\"font-size: medium;\"><span style=\"font-family: 'Times New Roman';\">In occasione della 23\u00b0 Giornata mondiale del malato, che si celebra mercoled\u00ec 11 febbraio nella memoria della Beata Vergine Maria di Lourdes, mons. Calogero Peri, vescovo di Caltagirone, a partire dalle ore 10, visiter\u00e0 i degenti ricoverati presso l\u2019Ospedale \u201cGravina\u201d.<\/span><\/span><span style=\"font-size:12.0pt;font-family:\"Times New Roman\",\"serif\";mso-fareast-font-family:\n\"Times New Roman\"\"><o:p><\/o:p><\/span><\/div>\n<div><span style=\"font-size: medium;\"><span style=\"font-family: 'Times New Roman';\">Il Vescovo sar\u00e0 accompagnato da padre Raimondo Di Gregorio <i>ofm<\/i>, assistente spirituale presso il nosocomio calatino. &#8220;Nelle situazioni estreme, come nella malattia e nella sofferenza &#8211; afferma mons. Peri -, emergono sempre le domande essenziali dell\u2019uomo. Possiamo tentare di dare una risposta a queste domande, accontentandoci delle soluzioni che troveremo, oppure possiamo portare queste domande al cospetto di Dio affinch\u00e9 ci indichi la strada e ci dia quelle parole che illuminano la nostra storia. L\u2019incontro con Cristo risana sempre l\u2019uomo&#8221;. <\/span><\/span><span style=\"font-size:12.0pt;font-family:\"Times New Roman\",\"serif\"\"><o:p><\/o:p><\/span><\/div>\n<div><span style=\"font-size: medium;\"><span style=\"font-family: 'Times New Roman';\">Il programma della Giornata prevede, inoltre, altri due momenti, collocati nell\u2019ambito della visita pastorale alla comunit\u00e0 parrocchiale di San Pietro e San Francesco di Paola: alle ore 16, il vescovo visiter\u00e0 i malati della parrocchia e, alle ore 17, presieder\u00e0 la liturgia eucaristica con il rito dell\u2019unzione degli infermi.<\/span><\/span><span style=\"font-size:12.0pt;font-family:\"Times New Roman\",\"serif\";mso-fareast-font-family:\n\"Times New Roman\"\"><o:p><\/o:p><\/span><\/div>\n<div><span style=\"font-size: medium;\"><span style=\"font-family: 'Times New Roman';\">La 23\u00b0 Giornata mondiale del malato \u00e8 incentrata sul tema Sapientia cordis. \u00abIo ero gli occhi per il cieco, ero i piedi per lo zoppo\u00bb (Gb\u00a029,15). La sapienza del cuore, alla quale papa Francesco si riferisce nel messaggio per la Giornata, &#8220;non \u00e8 una conoscenza teorica, astratta, frutto di ragionamenti&#8221;. Essa piuttosto \u00e8 &#8220;un atteggiamento infuso dallo Spirito Santo nella mente e nel cuore di chi sa aprirsi alla sofferenza dei fratelli e riconosce in essi l\u2019immagine di Dio&#8221;. [01]<\/span><\/span><span style=\"font-size:12.0pt;font-family:\"Times New Roman\",\"serif\";\nmso-fareast-font-family:\"Times New Roman\"\"><o:p><\/o:p><\/span><\/div>\n","protected":false},"excerpt":{"rendered":"","protected":false},"author":1,"featured_media":0,"comment_status":"open","ping_status":"open","sticky":false,"template":"","format":"standard","meta":[],"categories":[30],"tags":[],"news-destination":[],"news-source":[],"is_homepage":[],"ta_other":[],"_links":{"self":[{"href":"https:\/\/www.chiesedisicilia.org\/chiesedisicilia\/news\/wp-json\/wp\/v2\/posts\/1638"}],"collection":[{"href":"https:\/\/www.chiesedisicilia.org\/chiesedisicilia\/news\/wp-json\/wp\/v2\/posts"}],"about":[{"href":"https:\/\/www.chiesedisicilia.org\/chiesedisicilia\/news\/wp-json\/wp\/v2\/types\/post"}],"author":[{"embeddable":true,"href":"https:\/\/www.chiesedisicilia.org\/chiesedisicilia\/news\/wp-json\/wp\/v2\/users\/1"}],"replies":[{"embeddable":true,"href":"https:\/\/www.chiesedisicilia.org\/chiesedisicilia\/news\/wp-json\/wp\/v2\/comments?post=1638"}],"version-history":[{"count":1,"href":"https:\/\/www.chiesedisicilia.org\/chiesedisicilia\/news\/wp-json\/wp\/v2\/posts\/1638\/revisions"}],"predecessor-version":[{"id":20124,"href":"https:\/\/www.chiesedisicilia.org\/chiesedisicilia\/news\/wp-json\/wp\/v2\/posts\/1638\/revisions\/20124"}],"wp:attachment":[{"href":"https:\/\/www.chiesedisicilia.org\/chiesedisicilia\/news\/wp-json\/wp\/v2\/media?parent=1638"}],"wp:term":[{"taxonomy":"category","embeddable":true,"href":"https:\/\/www.chiesedisicilia.org\/chiesedisicilia\/news\/wp-json\/wp\/v2\/categories?post=1638"},{"taxonomy":"post_tag","embeddable":true,"href":"https:\/\/www.chiesedisicilia.org\/chiesedisicilia\/news\/wp-json\/wp\/v2\/tags?post=1638"},{"taxonomy":"news-destination","embeddable":true,"href":"https:\/\/www.chiesedisicilia.org\/chiesedisicilia\/news\/wp-json\/wp\/v2\/news-destination?post=1638"},{"taxonomy":"news-source","embeddable":true,"href":"https:\/\/www.chiesedisicilia.org\/chiesedisicilia\/news\/wp-json\/wp\/v2\/news-source?post=1638"},{"taxonomy":"is_homepage","embeddable":true,"href":"https:\/\/www.chiesedisicilia.org\/chiesedisicilia\/news\/wp-json\/wp\/v2\/is_homepage?post=1638"},{"taxonomy":"ta_other","embeddable":true,"href":"https:\/\/www.chiesedisicilia.org\/chiesedisicilia\/news\/wp-json\/wp\/v2\/ta_other?post=1638"}],"curies":[{"name":"wp","href":"https:\/\/api.w.org\/{rel}","templated":true}]}}