{"id":16372,"date":"2023-03-06T10:09:47","date_gmt":"2023-03-06T09:09:47","guid":{"rendered":"http:\/\/www-chiesedisicilia-org-euwp*.sitenm.com\/?p=16372"},"modified":"2023-03-06T10:19:30","modified_gmt":"2022-05-10T10:19:30","slug":"missioni-programmazione-nuovo-direttivo-e-la-testimonianza-di-p-ottavio-raimondo","status":"publish","type":"post","link":"https:\/\/www.chiesedisicilia.org\/2023\/03\/06\/missioni-programmazione-nuovo-direttivo-e-la-testimonianza-di-p-ottavio-raimondo\/","title":{"rendered":"MISSIONI: PROGRAMMAZIONE, RINNOVO DIRETTIVO E LA TESTIMONIANZA DI P. OTTAVIO RAIMONDO"},"content":{"rendered":"<p>Si \u00e8 svolta sabato 4 marzo presso l\u2019Oasi francescana di Pergusa la riunione di insediamento della Commissione per la Cooperazione missionaria tra le Chiese della Conferenza Episcopale Siciliana, presieduta dal nuovo Vescovo delegato S.E. Mons. Angelo Giurdanella. Presenti 14 diocesi su 18 per un numero complessivo di 45 persone, membri anche delle equipes diocesane.<\/p>\n<p><img alt=\"MISSIONI: PROGRAMMAZIONE, RINNOVO DIRETTIVO E LA TESTIMONIANZA DI P. OTTAVIO RAIMONDO\" title=\"MISSIONI: PROGRAMMAZIONE, RINNOVO DIRETTIVO E LA TESTIMONIANZA DI P. OTTAVIO RAIMONDO\" loading=\"lazy\" class=\"  alignleft\" src=\"https:\/\/www.chiesedisicilia.org\/chiesedisicilia\/news\/wp-content\/uploads\/sites\/2\/2023\/03\/IMG-20230305-WA0044-273x300.jpg\" alt=\"\" width=\"144\" height=\"158\" \/>Dopo la preghiera e l\u2019introduzione del Vescovo delegato ha avuto luogo la testimonianza di P. Ottavio Raimondo, missionario comboniano, fondatore della Casa editrice EMI e membro della Comunit\u00e0 Missionaria Intercongregazionale che opera a Modica, diocesi di Noto, una comunit\u00e0 orientata verso la formazione all\u2019accoglienza, cercando di essere ponte tra le culture presenti nel territorio, in quanto costituita da membri che hanno vissuto a lungo con altri popoli.<\/p>\n<p>La comunit\u00e0, nata nel 2014, ha visto nel tempo avvicendarsi membri di diverse congregazioni missionarie: missionari della Consolata, Missionarie dell\u2019Immacolata, Missionari e Missionarie Saveriani, di Villa Regia, dei Padri Bianchi.<\/p>\n<p>Dal 2021 la comunit\u00e0 opera in un quartiere dove vivono famiglie immigrate dal Nord Africa, ma anche Siria, Albania, Senegal e altri paesi.<\/p>\n<p><img alt=\"MISSIONI: PROGRAMMAZIONE, RINNOVO DIRETTIVO E LA TESTIMONIANZA DI P. OTTAVIO RAIMONDO\" title=\"MISSIONI: PROGRAMMAZIONE, RINNOVO DIRETTIVO E LA TESTIMONIANZA DI P. OTTAVIO RAIMONDO\" loading=\"lazy\" class=\"size-medium wp-image-16373 alignright\" src=\"https:\/\/www.chiesedisicilia.org\/chiesedisicilia\/news\/wp-content\/uploads\/sites\/2\/2023\/03\/IMG-20230305-WA0046.jpg\" alt=\"\" width=\"300\" height=\"225\" srcset=\"https:\/\/euwps06.newsmemory.com\/chiesedisicilia\/news\/wp-content\/uploads\/sites\/2\/2023\/03\/IMG-20230305-WA0046.jpg 2048w, https:\/\/euwps06.newsmemory.com\/chiesedisicilia\/news\/wp-content\/uploads\/sites\/2\/2023\/03\/IMG-20230305-WA0046-300x225.jpg 300w, https:\/\/euwps06.newsmemory.com\/chiesedisicilia\/news\/wp-content\/uploads\/sites\/2\/2023\/03\/IMG-20230305-WA0046-1024x768.jpg 1024w, https:\/\/euwps06.newsmemory.com\/chiesedisicilia\/news\/wp-content\/uploads\/sites\/2\/2023\/03\/IMG-20230305-WA0046-768x576.jpg 768w, https:\/\/euwps06.newsmemory.com\/chiesedisicilia\/news\/wp-content\/uploads\/sites\/2\/2023\/03\/IMG-20230305-WA0046-1536x1152.jpg 1536w, https:\/\/euwps06.newsmemory.com\/chiesedisicilia\/news\/wp-content\/uploads\/sites\/2\/2023\/03\/IMG-20230305-WA0046-750x563.jpg 750w\" sizes=\"(max-width: 300px) 100vw, 300px\" \/>Dopo le domande e le risonanze si \u00e8 proceduto ad eleggere il Vicedirettore della Commissione e il Segretario. Dalla votazione \u00e8 risultato eletto come vicedirettore don Dario Russo e come Segretaria la Sig. Ada Bonfiglio, confermando cos\u00ec il direttivo del precedente quinquennio.<\/p>\n<p>Il Direttore regionale, don Francesco De Domenico, ha poi chiesto ai presenti di avanzare proposte per la programmazione del nuovo quinquennio e per l\u2019anno in corso.<\/p>\n","protected":false},"excerpt":{"rendered":"","protected":false},"author":4,"featured_media":16371,"comment_status":"closed","ping_status":"closed","sticky":false,"template":"","format":"standard","meta":[],"categories":[7],"tags":[],"news-destination":[],"news-source":[],"is_homepage":[],"ta_other":[],"_links":{"self":[{"href":"https:\/\/www.chiesedisicilia.org\/chiesedisicilia\/news\/wp-json\/wp\/v2\/posts\/16372"}],"collection":[{"href":"https:\/\/www.chiesedisicilia.org\/chiesedisicilia\/news\/wp-json\/wp\/v2\/posts"}],"about":[{"href":"https:\/\/www.chiesedisicilia.org\/chiesedisicilia\/news\/wp-json\/wp\/v2\/types\/post"}],"author":[{"embeddable":true,"href":"https:\/\/www.chiesedisicilia.org\/chiesedisicilia\/news\/wp-json\/wp\/v2\/users\/4"}],"replies":[{"embeddable":true,"href":"https:\/\/www.chiesedisicilia.org\/chiesedisicilia\/news\/wp-json\/wp\/v2\/comments?post=16372"}],"version-history":[{"count":2,"href":"https:\/\/www.chiesedisicilia.org\/chiesedisicilia\/news\/wp-json\/wp\/v2\/posts\/16372\/revisions"}],"predecessor-version":[{"id":23907,"href":"https:\/\/www.chiesedisicilia.org\/chiesedisicilia\/news\/wp-json\/wp\/v2\/posts\/16372\/revisions\/23907"}],"wp:featuredmedia":[{"embeddable":true,"href":"https:\/\/www.chiesedisicilia.org\/chiesedisicilia\/news\/wp-json\/wp\/v2\/media\/16371"}],"wp:attachment":[{"href":"https:\/\/www.chiesedisicilia.org\/chiesedisicilia\/news\/wp-json\/wp\/v2\/media?parent=16372"}],"wp:term":[{"taxonomy":"category","embeddable":true,"href":"https:\/\/www.chiesedisicilia.org\/chiesedisicilia\/news\/wp-json\/wp\/v2\/categories?post=16372"},{"taxonomy":"post_tag","embeddable":true,"href":"https:\/\/www.chiesedisicilia.org\/chiesedisicilia\/news\/wp-json\/wp\/v2\/tags?post=16372"},{"taxonomy":"news-destination","embeddable":true,"href":"https:\/\/www.chiesedisicilia.org\/chiesedisicilia\/news\/wp-json\/wp\/v2\/news-destination?post=16372"},{"taxonomy":"news-source","embeddable":true,"href":"https:\/\/www.chiesedisicilia.org\/chiesedisicilia\/news\/wp-json\/wp\/v2\/news-source?post=16372"},{"taxonomy":"is_homepage","embeddable":true,"href":"https:\/\/www.chiesedisicilia.org\/chiesedisicilia\/news\/wp-json\/wp\/v2\/is_homepage?post=16372"},{"taxonomy":"ta_other","embeddable":true,"href":"https:\/\/www.chiesedisicilia.org\/chiesedisicilia\/news\/wp-json\/wp\/v2\/ta_other?post=16372"}],"curies":[{"name":"wp","href":"https:\/\/api.w.org\/{rel}","templated":true}]}}