{"id":1637,"date":"2015-02-03T14:28:00","date_gmt":"2015-02-03T13:28:00","guid":{"rendered":"http:\/\/wptestsite.tecnavia.com\/chiesedisicilia_clientsite\/news\/2015\/02\/03\/caltagirone-agesci-cresce-la-famiglia\/"},"modified":"2018-11-09T11:00:40","modified_gmt":"2018-01-13T11:00:40","slug":"caltagirone-agesci-cresce-la-famiglia","status":"publish","type":"post","link":"https:\/\/www.chiesedisicilia.org\/2015\/02\/03\/caltagirone-agesci-cresce-la-famiglia\/","title":{"rendered":"CALTAGIRONE. AGESCI: CRESCE LA FAMIGLIA"},"content":{"rendered":"<div><span style=\"font-family: 'Times New Roman'; font-size: medium;\">Cresce la famiglia Agesci della zona calatina: nasce, per gemmazione da Caltagirone 1, Caltagirone 3 che si aggiunge a Mirabella Imbaccari 1, Palagonia 1, Ramacca 1, Scordia 1.<\/span><font face=\"Times New Roman, serif\"><span style=\"font-size: 16px;\">\u00a0<\/span><\/font><span style=\"font-family: 'Times New Roman'; font-size: medium;\">La scelta ha visto coinvolta l\u2019intera comunit\u00e0 capi e gli assistenti ecclesiastici dei gruppi, nella volont\u00e0 di promuovere in modo pi\u00f9 capillare gli ideali e il metodo dello scoutismo fra i giovani calatini.<\/span><\/div>\n<div><span style=\"font-size: medium;\"><span style=\"font-family: 'Times New Roman';\">Il gruppo Agesci &#8211; Caltagirone 1 svolger\u00e0 le sue attivit\u00e0 presso la parrocchia San Giovanni Bosco affinch\u00e9, in quel territorio, luogo d\u2019espansione della citt\u00e0, sia presenza attiva a servizio della comunit\u00e0 e dei giovani in particolare. Il gruppo Agesci-Caltagirone 3 operer\u00e0, invece, presso la Parrocchia Sacra Famiglia, comunit\u00e0 nella quale l\u2019associazione \u00e8 nata.<\/span><\/span><span style=\"font-size:12.0pt;font-family:\"Times New Roman\",\"serif\"\"><o:p><\/o:p><\/span><\/div>\n<div><span style=\"font-size: medium;\"><span style=\"font-family: 'Times New Roman';\">&#8220;Rivolgo la mia attenzione pastorale e i miei auguri all\u2019Agesci della zona calatina &#8211; afferma mons. Calogero Peri, vescovo di Caltagirone &#8211; che accoglie il nuovo gruppo affinch\u00e9 possa essere segno di speranza, di coraggio, di forza e di gioia per tanti giovani che rischiano di smarrirsi in legami brevi e fragili, in progetti effimeri, in esperienze senza futuro. Fate strada insieme, nell\u2019amore di Cristo, impegnandovi in progetti grandi secondo il cuore di Dio! Il cammino vi istruir\u00e0 sulla met\u00e0. Non abbiate paura della fatica, delle sconfitte, delle pause forzate. Nel compagno che vi sta accanto troverete sempre la forza di continuare o di ricominciare&#8221;. [01]<\/span><\/span><span style=\"font-size:12.0pt;font-family:\"Times New Roman\",\"serif\"\"><o:p><\/o:p><\/span><\/div>\n","protected":false},"excerpt":{"rendered":"","protected":false},"author":1,"featured_media":0,"comment_status":"open","ping_status":"open","sticky":false,"template":"","format":"standard","meta":[],"categories":[30],"tags":[],"news-destination":[],"news-source":[],"is_homepage":[],"ta_other":[],"_links":{"self":[{"href":"https:\/\/www.chiesedisicilia.org\/chiesedisicilia\/news\/wp-json\/wp\/v2\/posts\/1637"}],"collection":[{"href":"https:\/\/www.chiesedisicilia.org\/chiesedisicilia\/news\/wp-json\/wp\/v2\/posts"}],"about":[{"href":"https:\/\/www.chiesedisicilia.org\/chiesedisicilia\/news\/wp-json\/wp\/v2\/types\/post"}],"author":[{"embeddable":true,"href":"https:\/\/www.chiesedisicilia.org\/chiesedisicilia\/news\/wp-json\/wp\/v2\/users\/1"}],"replies":[{"embeddable":true,"href":"https:\/\/www.chiesedisicilia.org\/chiesedisicilia\/news\/wp-json\/wp\/v2\/comments?post=1637"}],"version-history":[{"count":1,"href":"https:\/\/www.chiesedisicilia.org\/chiesedisicilia\/news\/wp-json\/wp\/v2\/posts\/1637\/revisions"}],"predecessor-version":[{"id":20123,"href":"https:\/\/www.chiesedisicilia.org\/chiesedisicilia\/news\/wp-json\/wp\/v2\/posts\/1637\/revisions\/20123"}],"wp:attachment":[{"href":"https:\/\/www.chiesedisicilia.org\/chiesedisicilia\/news\/wp-json\/wp\/v2\/media?parent=1637"}],"wp:term":[{"taxonomy":"category","embeddable":true,"href":"https:\/\/www.chiesedisicilia.org\/chiesedisicilia\/news\/wp-json\/wp\/v2\/categories?post=1637"},{"taxonomy":"post_tag","embeddable":true,"href":"https:\/\/www.chiesedisicilia.org\/chiesedisicilia\/news\/wp-json\/wp\/v2\/tags?post=1637"},{"taxonomy":"news-destination","embeddable":true,"href":"https:\/\/www.chiesedisicilia.org\/chiesedisicilia\/news\/wp-json\/wp\/v2\/news-destination?post=1637"},{"taxonomy":"news-source","embeddable":true,"href":"https:\/\/www.chiesedisicilia.org\/chiesedisicilia\/news\/wp-json\/wp\/v2\/news-source?post=1637"},{"taxonomy":"is_homepage","embeddable":true,"href":"https:\/\/www.chiesedisicilia.org\/chiesedisicilia\/news\/wp-json\/wp\/v2\/is_homepage?post=1637"},{"taxonomy":"ta_other","embeddable":true,"href":"https:\/\/www.chiesedisicilia.org\/chiesedisicilia\/news\/wp-json\/wp\/v2\/ta_other?post=1637"}],"curies":[{"name":"wp","href":"https:\/\/api.w.org\/{rel}","templated":true}]}}