{"id":1636,"date":"2015-02-03T11:12:00","date_gmt":"2015-02-03T10:12:00","guid":{"rendered":"http:\/\/wptestsite.tecnavia.com\/chiesedisicilia_clientsite\/news\/2015\/02\/03\/caltagirone-i-consacrati-testimoni-della-gioia-di-cristo\/"},"modified":"2018-11-09T11:00:39","modified_gmt":"2018-01-13T11:00:39","slug":"caltagirone-i-consacrati-testimoni-della-gioia-di-cristo","status":"publish","type":"post","link":"https:\/\/www.chiesedisicilia.org\/2015\/02\/03\/caltagirone-i-consacrati-testimoni-della-gioia-di-cristo\/","title":{"rendered":"CALTAGIRONE. I CONSACRATI, &#8220;TESTIMONI DELLA GIOIA DI CRISTO!&#8221;"},"content":{"rendered":"<div><span style=\"font-size:12.0pt;font-family:\"Times New Roman\",\"serif\"\"><span style=\"font-size: medium;\"><span style=\"font-family: 'Times New Roman';\">Luned\u00ec 2 febbraio, festa della \u201cPresentazione di Ges\u00f9 al Tempio\u201d, si celebra la XIX Giornata mondiale della vita consacrata. Istituita nel 1997 da San Giovanni Paolo II, la Giornata, in Diocesi, sar\u00e0 celebrata comunitariamente, presso il Santuario di Maria SS.ma del Ponte, con la partecipazione delle 18 comunit\u00e0 di consacrati e consacrate presenti nella Chiesa calatina.<\/span><\/span><o:p><\/o:p><\/span><\/div>\n<div><span style=\"font-size: medium;\"><span style=\"font-family: 'Times New Roman';\">Questa XIX Giornata assume particolare significato e valore celebrandosi nell\u2019anno che il Papa ha voluto dedicare alla vita consacrata. <\/span><\/span><span style=\"font-size:12.0pt;font-family:\"Times New Roman\",\"serif\"\"><o:p><\/o:p><\/span><\/div>\n<div><span style=\"font-size: medium;\"><span style=\"font-family: 'Times New Roman';\">&#8220;Questo anno rappresenta un\u2019opportunit\u00e0 per una nuova riflessione ecclesiologica &#8211; afferma mons. Calogero Peri, vescovo di Caltagirone &#8211; che parta dall\u2019idea di Chiesa comunionale, del Vaticano II, formata da chierici, laici e religiosi. \u00c8 anche un\u2019occasione per una verifica dello stato di attuazione della stessa riforma ecclesiologica del Concilio e per appurare il suo passaggio nel vissuto delle comunit\u00e0&#8221;.<\/span><\/span><span style=\"font-size:12.0pt;font-family:\"Times New Roman\",\"serif\"\"><o:p><\/o:p><\/span><\/div>\n<div><span style=\"font-size: medium;\"><span style=\"font-family: 'Times New Roman';\">Alle ore 17.00, il programma della Giornata indica la recita del rosario presso il Santuario mariano, dove verranno anche benedette le candele. Da l\u00ec, alle ore 18.00, partir\u00e0 la processione verso la Chiesa parrocchiale di Maria SS.ma del Ponte per la celebrazione eucaristica presieduta da mons. Peri.<\/span><\/span><span style=\"font-size:12.0pt;font-family:\"Times New Roman\",\"serif\"\"><o:p><\/o:p><\/span><\/div>\n<div><span style=\"font-size: medium;\"><span style=\"font-family: 'Times New Roman';\">In Diocesi sono diverse le attivit\u00e0 previste per l\u2019anno della vita consacrata.<\/span><\/span><span style=\"font-size:12.0pt;font-family:\"Times New Roman\",\"serif\"\"><o:p><\/o:p><\/span><\/div>\n<div><span style=\"font-size: medium;\"><span style=\"font-family: 'Times New Roman';\">Il programma \u00e8 coordinato da padre Salvatore Soldatini ofm, delegato diocesano per la vita consacrata, e da suor Maria Furn\u00f2 fma, delegata diocesana dell\u2019Usmi (Unione superiore maggiori d\u2019Italia). <\/span><\/span><span style=\"font-size:12.0pt;font-family:\"Times New Roman\",\"serif\"\"><o:p><\/o:p><\/span><\/div>\n<div><span style=\"font-size: medium;\"><span style=\"font-family: 'Times New Roman';\">&#8220;Quest\u2019anno speciale ci spinge a seguire con pi\u00f9 gioia e instancabile amore la chiamata del Signore:\u00a0\u201cVieni e seguimi\u201d &#8211; afferma suor Furn\u00f2 &#8211; e ci\u00a0esorta a fondare sempre pi\u00f9 la nostra vita e le nostre comunit\u00e0 sulla Parola, per viverla nel quotidiano, affinch\u00e9 la sua potenza possa incunearsi nella nostra fragilit\u00e0. Chiediamo al Signore che ci renda segni di speranza, docili all&#8217;azione dello Spirito per vivere la\u00a0mistica dell&#8217;incontro\u00a0con tutti i nostri fratelli&#8221;.<\/span><\/span><span style=\"font-size:12.0pt;font-family:\"Times New Roman\",\"serif\"\"><o:p><\/o:p><\/span><\/div>\n<div><span style=\"font-size: medium;\"><span style=\"font-family: 'Times New Roman';\">Gli obiettivi dell\u2019anno della vita consacrata sono stati indicati da Papa Francesco sia nel messaggio per l\u2019apertura dell\u2019anno, il 30 novembre 2014, nel quale ha ribadito la legge evangelica dell\u2019amore scambievole, specialmente con i pi\u00f9 poveri; sia nella Lettera apostolica a tutti i consacrati nella quale il Santo padre indica con precisione tre finalit\u00e0: guardare il passato con gratitudine; vivere il presente con passione; abbracciare il futuro con speranza. [01]<\/span><\/span><span style=\"font-size:12.0pt;font-family:\"Times New Roman\",\"serif\"\"><o:p><\/o:p><\/span><\/div>\n","protected":false},"excerpt":{"rendered":"","protected":false},"author":1,"featured_media":0,"comment_status":"open","ping_status":"open","sticky":false,"template":"","format":"standard","meta":[],"categories":[30],"tags":[],"news-destination":[],"news-source":[],"is_homepage":[],"ta_other":[],"_links":{"self":[{"href":"https:\/\/www.chiesedisicilia.org\/chiesedisicilia\/news\/wp-json\/wp\/v2\/posts\/1636"}],"collection":[{"href":"https:\/\/www.chiesedisicilia.org\/chiesedisicilia\/news\/wp-json\/wp\/v2\/posts"}],"about":[{"href":"https:\/\/www.chiesedisicilia.org\/chiesedisicilia\/news\/wp-json\/wp\/v2\/types\/post"}],"author":[{"embeddable":true,"href":"https:\/\/www.chiesedisicilia.org\/chiesedisicilia\/news\/wp-json\/wp\/v2\/users\/1"}],"replies":[{"embeddable":true,"href":"https:\/\/www.chiesedisicilia.org\/chiesedisicilia\/news\/wp-json\/wp\/v2\/comments?post=1636"}],"version-history":[{"count":1,"href":"https:\/\/www.chiesedisicilia.org\/chiesedisicilia\/news\/wp-json\/wp\/v2\/posts\/1636\/revisions"}],"predecessor-version":[{"id":20120,"href":"https:\/\/www.chiesedisicilia.org\/chiesedisicilia\/news\/wp-json\/wp\/v2\/posts\/1636\/revisions\/20120"}],"wp:attachment":[{"href":"https:\/\/www.chiesedisicilia.org\/chiesedisicilia\/news\/wp-json\/wp\/v2\/media?parent=1636"}],"wp:term":[{"taxonomy":"category","embeddable":true,"href":"https:\/\/www.chiesedisicilia.org\/chiesedisicilia\/news\/wp-json\/wp\/v2\/categories?post=1636"},{"taxonomy":"post_tag","embeddable":true,"href":"https:\/\/www.chiesedisicilia.org\/chiesedisicilia\/news\/wp-json\/wp\/v2\/tags?post=1636"},{"taxonomy":"news-destination","embeddable":true,"href":"https:\/\/www.chiesedisicilia.org\/chiesedisicilia\/news\/wp-json\/wp\/v2\/news-destination?post=1636"},{"taxonomy":"news-source","embeddable":true,"href":"https:\/\/www.chiesedisicilia.org\/chiesedisicilia\/news\/wp-json\/wp\/v2\/news-source?post=1636"},{"taxonomy":"is_homepage","embeddable":true,"href":"https:\/\/www.chiesedisicilia.org\/chiesedisicilia\/news\/wp-json\/wp\/v2\/is_homepage?post=1636"},{"taxonomy":"ta_other","embeddable":true,"href":"https:\/\/www.chiesedisicilia.org\/chiesedisicilia\/news\/wp-json\/wp\/v2\/ta_other?post=1636"}],"curies":[{"name":"wp","href":"https:\/\/api.w.org\/{rel}","templated":true}]}}