{"id":1635,"date":"2015-01-08T15:02:00","date_gmt":"2015-01-08T14:02:00","guid":{"rendered":"http:\/\/wptestsite.tecnavia.com\/chiesedisicilia_clientsite\/news\/2015\/01\/08\/caltagirone-corso-di-formazione-allimpegno-sociale-e-politico-3\/"},"modified":"2018-11-09T11:00:39","modified_gmt":"2018-01-13T11:00:39","slug":"caltagirone-corso-di-formazione-allimpegno-sociale-e-politico-3","status":"publish","type":"post","link":"https:\/\/www.chiesedisicilia.org\/2015\/01\/08\/caltagirone-corso-di-formazione-allimpegno-sociale-e-politico-3\/","title":{"rendered":"CALTAGIRONE. CORSO DI FORMAZIONE ALL\u2019IMPEGNO SOCIALE E POLITICO"},"content":{"rendered":"<p class=\"MsoNoSpacing\"><span style=\"font-size: medium;\"><span style=\"font-family: 'Times New Roman';\">Al via la seconda edizione del II Corso di formazione all\u2019impegno sociale e politico, promosso e organizzato dall\u2019Ufficio diocesano per la Pastorale sociale e il lavoro (Ups). &#8220;Il programma di quest\u2019anno &#8211; spiega don Tino Zappulla. irettore dell\u2019Ups &#8211; intende offrire delle conoscenze circa l\u2019amministrazione comunale, la legalit\u00e0, il lavoro e l\u2019Europa. Riteniamo che ogni cittadino possa e debba conoscere come funziona la \u201cmacchina\u201d comunale tanto pi\u00f9 che essa \u00e8 la prima presenza sul territorio dello Stato. La legalit\u00e0, poi, \u00e8 la cifra che dovrebbe caratterizzare la gestione della \u201ccosa pubblica\u201d cos\u00ec da essere da stimolo verso ogni cittadino. Ed, infine, uno sguardo sull\u2019Europa, realt\u00e0 che vogliamo vedere come occasione di sviluppo e di crescita&#8221;.<\/span><\/span><span style=\"font-size:12.0pt;font-family:\"Times New Roman\",\"serif\"\"><o:p><\/o:p><\/span><\/p>\n<p class=\"MsoNoSpacing\"><span style=\"font-size: medium;\"><span style=\"font-family: 'Times New Roman';\">Il corso sar\u00e0 inaugurato venerd\u00ec 16 gennaio, alle ore 19, presso la sala convegni dell\u2019Hotel Villa Sturzo. <\/span><\/span><span style=\"font-size:12.0pt;font-family:\"Times New Roman\",\"serif\"\"><o:p><\/o:p><\/span><\/p>\n<p class=\"MsoNoSpacing\"><span style=\"font-size: medium;\"><span style=\"font-family: 'Times New Roman';\">&#8220;Quest\u2019attivit\u00e0 si inserisce in quella evangelizzazione che non pu\u00f2 fare a meno del dovere di educare al sociale e al politico per essere cittadini consapevoli e attivi. Non possiamo delegare ad altri questo compito &#8211; aggiunge don Zappulla &#8211; anzi i \u201claici devono assumere come loro compito specifico il rinnovamento dell\u2019ordine temporale\u201d (Populorum progressio, 81) senza vivere da spettatori i mutamenti sociali e politici in atto&#8221;.<\/span><\/span><span style=\"font-size:12.0pt;font-family:\"Times New Roman\",\"serif\"\"><o:p><\/o:p><\/span><\/p>\n<p class=\"MsoNoSpacing\"><span style=\"font-size: medium;\"><span style=\"font-family: 'Times New Roman';\">Sono otto, anche quest\u2019anno, gli incontri in programma, della durata di due ore ciascuno (dalle 19.00 alle 21.00), articolati secondo il calendario consultabile al seguente link: <\/span><\/span><span style=\"font-size:12.0pt;font-family:\"Times New Roman\",\"serif\"\"><span style=\"font-size: medium;\"><a href=\"http:\/\/www.diocesidicaltagirone.it\/wp-content\/uploads\/2015\/01\/Corso-di-formazione-allimpegno-sociale-e-politico.pdf\"><span style=\"font-family: 'Times New Roman';\"><span style=\"color: windowtext;\">http:\/\/www.diocesidicaltagirone.it\/wp-content\/uploads\/2015\/01\/Corso-di-formazione-allimpegno-sociale-e-politico.pdf<\/span><\/span><\/a><span style=\"font-family: 'Times New Roman';\">. <\/span><\/span><o:p><\/o:p><\/span><\/p>\n<p class=\"MsoNoSpacing\"><span style=\"font-size: medium;\"><span style=\"font-family: 'Times New Roman';\">Relatori saranno: Antonio Maria Ammendolia, Caterina Chinnici, Liboria Di Baudo, Steni Di Piazza, il Vescovo mons. Domenico Mogavero, Nello Musumeci, Valentino Pepe, Federico Piccitto, Giacomo Rogazione, Sergio Giovanni Verga.<\/span><\/span><span style=\"font-size:12.0pt;font-family:\"Times New Roman\",\"serif\"\"><o:p><\/o:p><\/span><\/p>\n<p class=\"MsoNoSpacing\"><span style=\"font-size: medium;\"><span style=\"font-family: 'Times New Roman';\">Il corso \u00e8 aperto a tutti, dai 16 anni in su. Per partecipare alle attivit\u00e0, gli interessati dovranno presentare una domanda d\u2019iscrizione al direttore dell\u2019Ups o al referente di zona entro e non oltre il 10 gennaio 2015. \u00c8 previsto un contributo di 10.00<span style=\"letter-spacing: -0.1pt;\"> euro. [01]<\/span><\/span><\/span><span style=\"font-size:12.0pt;font-family:\"Times New Roman\",\"serif\";letter-spacing:\n-.1pt\"><o:p><\/o:p><\/span><\/p>\n","protected":false},"excerpt":{"rendered":"","protected":false},"author":1,"featured_media":0,"comment_status":"open","ping_status":"open","sticky":false,"template":"","format":"standard","meta":[],"categories":[30],"tags":[],"news-destination":[],"news-source":[],"is_homepage":[],"ta_other":[],"_links":{"self":[{"href":"https:\/\/www.chiesedisicilia.org\/chiesedisicilia\/news\/wp-json\/wp\/v2\/posts\/1635"}],"collection":[{"href":"https:\/\/www.chiesedisicilia.org\/chiesedisicilia\/news\/wp-json\/wp\/v2\/posts"}],"about":[{"href":"https:\/\/www.chiesedisicilia.org\/chiesedisicilia\/news\/wp-json\/wp\/v2\/types\/post"}],"author":[{"embeddable":true,"href":"https:\/\/www.chiesedisicilia.org\/chiesedisicilia\/news\/wp-json\/wp\/v2\/users\/1"}],"replies":[{"embeddable":true,"href":"https:\/\/www.chiesedisicilia.org\/chiesedisicilia\/news\/wp-json\/wp\/v2\/comments?post=1635"}],"version-history":[{"count":1,"href":"https:\/\/www.chiesedisicilia.org\/chiesedisicilia\/news\/wp-json\/wp\/v2\/posts\/1635\/revisions"}],"predecessor-version":[{"id":20121,"href":"https:\/\/www.chiesedisicilia.org\/chiesedisicilia\/news\/wp-json\/wp\/v2\/posts\/1635\/revisions\/20121"}],"wp:attachment":[{"href":"https:\/\/www.chiesedisicilia.org\/chiesedisicilia\/news\/wp-json\/wp\/v2\/media?parent=1635"}],"wp:term":[{"taxonomy":"category","embeddable":true,"href":"https:\/\/www.chiesedisicilia.org\/chiesedisicilia\/news\/wp-json\/wp\/v2\/categories?post=1635"},{"taxonomy":"post_tag","embeddable":true,"href":"https:\/\/www.chiesedisicilia.org\/chiesedisicilia\/news\/wp-json\/wp\/v2\/tags?post=1635"},{"taxonomy":"news-destination","embeddable":true,"href":"https:\/\/www.chiesedisicilia.org\/chiesedisicilia\/news\/wp-json\/wp\/v2\/news-destination?post=1635"},{"taxonomy":"news-source","embeddable":true,"href":"https:\/\/www.chiesedisicilia.org\/chiesedisicilia\/news\/wp-json\/wp\/v2\/news-source?post=1635"},{"taxonomy":"is_homepage","embeddable":true,"href":"https:\/\/www.chiesedisicilia.org\/chiesedisicilia\/news\/wp-json\/wp\/v2\/is_homepage?post=1635"},{"taxonomy":"ta_other","embeddable":true,"href":"https:\/\/www.chiesedisicilia.org\/chiesedisicilia\/news\/wp-json\/wp\/v2\/ta_other?post=1635"}],"curies":[{"name":"wp","href":"https:\/\/api.w.org\/{rel}","templated":true}]}}