{"id":1632,"date":"2014-12-29T22:45:00","date_gmt":"2014-12-29T21:45:00","guid":{"rendered":"http:\/\/wptestsite.tecnavia.com\/chiesedisicilia_clientsite\/news\/2014\/12\/29\/caltagirone-cento-presepi-per-raccontare-le-tradizioni-del-mondo\/"},"modified":"2018-11-09T11:00:39","modified_gmt":"2018-01-13T11:00:39","slug":"caltagirone-cento-presepi-per-raccontare-le-tradizioni-del-mondo","status":"publish","type":"post","link":"https:\/\/www.chiesedisicilia.org\/2014\/12\/29\/caltagirone-cento-presepi-per-raccontare-le-tradizioni-del-mondo\/","title":{"rendered":"CALTAGIRONE. CENTO PRESEPI PER RACCONTARE LE TRADIZIONI DEL MONDO"},"content":{"rendered":"<div><span style=\"font-size: medium;\"><span style=\"font-family: 'Times New Roman';\">Sono numerosi, gi\u00e0 nei primi giorni di esposizione, i visitatori della mostra \u201cAdeste fideles. 100 presepi del mondo\u201d allestita al piano terra del Palazzo Paol\u00ec e promossa dalla Parrocchia San Rocco in collaborazione con le Confraternite del SS.mo Sacramento, del SS.mo Crocifisso e dell\u2019Immacolata della cittadina delle arance.<\/span><\/span><span style=\"font-size:12.0pt;font-family:\"Times New Roman\",\"serif\";mso-fareast-font-family:\n\"Times New Roman\"\"><o:p><\/o:p><\/span><\/div>\n<div><span style=\"font-size: medium;\"><span style=\"font-family: 'Times New Roman';\">La mostra sar\u00e0 visitabile sino al 6 gennaio. \u201cOgni anno liturgico &#8211; afferma don Vito Valenti, parroco della Parrocchia San Rocco &#8211; inizia con il tempo di Avvento e questo non \u00e8 casuale poich\u00e9 lega strettamente il tempo della liturgia che \u00e8 sempre un \u201coggi\u201d della salvezza, con i tempi degli uomini scanditi da orologi e calendari. Potremmo sintetizzare che \u201cil nostro problema\u201d sia proprio vivere il tempo. La grammatica dell\u2019Avvento ci pone davanti a parole ed esperienze come: tempo, durata, attesa, promessa, speranza-disperazione, pazienza, compimento. Ma sono addirittura il senso della liturgia e l\u2019intera esperienza della fede ad essere innervati da queste parole\u201d.<\/span><\/span><span style=\"font-size:12.0pt;font-family:\"Times New Roman\",\"serif\";mso-fareast-font-family:\n\"Times New Roman\"\"><o:p><\/o:p><\/span><\/div>\n<div><span style=\"font-size: medium;\"><span style=\"font-family: 'Times New Roman';\">Nei 100 presepi in mostra, alcuni dei quali provenienti da collezioni private, vengono raccontate diverse culture e tradizioni, ma \u00e8 anche possibile rintracciare i percorsi di diffusione del presepe nel mondo.<\/span><\/span><span style=\"font-size:12.0pt;font-family:\"Times New Roman\",\"serif\";mso-fareast-font-family:\n\"Times New Roman\"\"><o:p><\/o:p><\/span><\/div>\n<div><span style=\"font-size: medium;\"><span style=\"font-family: 'Times New Roman';\">\u201dIn ogni tradizione presepistica l\u2019idea di base \u00e8 sempre quella di ricreare la scena della nascita del Cristo &#8211; spiega don Valenti -. Resta pertanto invariata la rappresentazione centrale con Maria, Giuseppe e il bambin Ges\u00f9. Mutano, invece, i materiali usati e gli stili di costruzione, l\u2019ambientazione e la scenografia che risentono sempre della cultura e dell\u2019ambiente in cui il presepe stesso nasce\u201d. [01]<\/span><\/span><span style=\"font-size:12.0pt;font-family:\"Times New Roman\",\"serif\";mso-fareast-font-family:\n\"Times New Roman\"\"><o:p><\/o:p><\/span><\/div>\n","protected":false},"excerpt":{"rendered":"","protected":false},"author":1,"featured_media":0,"comment_status":"open","ping_status":"open","sticky":false,"template":"","format":"standard","meta":[],"categories":[30],"tags":[],"news-destination":[],"news-source":[],"is_homepage":[],"ta_other":[],"_links":{"self":[{"href":"https:\/\/www.chiesedisicilia.org\/chiesedisicilia\/news\/wp-json\/wp\/v2\/posts\/1632"}],"collection":[{"href":"https:\/\/www.chiesedisicilia.org\/chiesedisicilia\/news\/wp-json\/wp\/v2\/posts"}],"about":[{"href":"https:\/\/www.chiesedisicilia.org\/chiesedisicilia\/news\/wp-json\/wp\/v2\/types\/post"}],"author":[{"embeddable":true,"href":"https:\/\/www.chiesedisicilia.org\/chiesedisicilia\/news\/wp-json\/wp\/v2\/users\/1"}],"replies":[{"embeddable":true,"href":"https:\/\/www.chiesedisicilia.org\/chiesedisicilia\/news\/wp-json\/wp\/v2\/comments?post=1632"}],"version-history":[{"count":1,"href":"https:\/\/www.chiesedisicilia.org\/chiesedisicilia\/news\/wp-json\/wp\/v2\/posts\/1632\/revisions"}],"predecessor-version":[{"id":20116,"href":"https:\/\/www.chiesedisicilia.org\/chiesedisicilia\/news\/wp-json\/wp\/v2\/posts\/1632\/revisions\/20116"}],"wp:attachment":[{"href":"https:\/\/www.chiesedisicilia.org\/chiesedisicilia\/news\/wp-json\/wp\/v2\/media?parent=1632"}],"wp:term":[{"taxonomy":"category","embeddable":true,"href":"https:\/\/www.chiesedisicilia.org\/chiesedisicilia\/news\/wp-json\/wp\/v2\/categories?post=1632"},{"taxonomy":"post_tag","embeddable":true,"href":"https:\/\/www.chiesedisicilia.org\/chiesedisicilia\/news\/wp-json\/wp\/v2\/tags?post=1632"},{"taxonomy":"news-destination","embeddable":true,"href":"https:\/\/www.chiesedisicilia.org\/chiesedisicilia\/news\/wp-json\/wp\/v2\/news-destination?post=1632"},{"taxonomy":"news-source","embeddable":true,"href":"https:\/\/www.chiesedisicilia.org\/chiesedisicilia\/news\/wp-json\/wp\/v2\/news-source?post=1632"},{"taxonomy":"is_homepage","embeddable":true,"href":"https:\/\/www.chiesedisicilia.org\/chiesedisicilia\/news\/wp-json\/wp\/v2\/is_homepage?post=1632"},{"taxonomy":"ta_other","embeddable":true,"href":"https:\/\/www.chiesedisicilia.org\/chiesedisicilia\/news\/wp-json\/wp\/v2\/ta_other?post=1632"}],"curies":[{"name":"wp","href":"https:\/\/api.w.org\/{rel}","templated":true}]}}