{"id":1631,"date":"2014-12-29T21:45:00","date_gmt":"2014-12-29T20:45:00","guid":{"rendered":"http:\/\/wptestsite.tecnavia.com\/chiesedisicilia_clientsite\/news\/2014\/12\/29\/caltagirone-il-nostro-grazie-a-dio-per-il-tempo-che-ci-ha-dato-e-che-ci-dona\/"},"modified":"2018-11-09T11:00:39","modified_gmt":"2018-01-13T11:00:39","slug":"caltagirone-il-nostro-grazie-a-dio-per-il-tempo-che-ci-ha-dato-e-che-ci-dona","status":"publish","type":"post","link":"https:\/\/www.chiesedisicilia.org\/2014\/12\/29\/caltagirone-il-nostro-grazie-a-dio-per-il-tempo-che-ci-ha-dato-e-che-ci-dona\/","title":{"rendered":"CALTAGIRONE. &#8220;IL NOSTRO GRAZIE A DIO PER IL TEMPO CHE CI HA DATO E CHE CI DONA&#8221;"},"content":{"rendered":"<p class=\"MsoNormal\" style=\"margin-bottom: 0.0001pt; text-align: justify;\"><span style=\"font-size: medium;\"><span style=\"font-family: 'Times New Roman';\">Mercoled\u00ec 31 dicembre 2014, alle ore 18, in Cattedrale, mons. Calogero Peri, Vescovo di Caltagirone, presieder\u00e0 i primi vespri della solennit\u00e0 di Maria SS.ma Madre di Dio, ai quali far\u00e0 seguito il canto del Te Deum. \u201cNel periodo natalizio si concentrano diverse attenzioni &#8211; afferma mons. Peri -, fra queste una particolare \u00e8 quella sul tempo e quindi sul nuovo anno, ma anche sul senso del tempo e sul senso di questo periodo di passaggio. Ci augureremo che il nuovo anno sia migliore di quello trascorso, consapevoli che quasi tutto dipender\u00e0 da noi e da come sapremo riempire questo nuovo tempo. Per i cristiani dovrebbe esserci quella capacit\u00e0 di offrire una concezione sempre nuova e positiva della temporalit\u00e0, che non \u00e8 quella che ci toglie gli anni, ma che ci d\u00e0 esperienza, consapevolezza, maturit\u00e0\u201d. Gioved\u00ec 1 gennaio 2015, in Cattedrale, alle ore 11, il Vescovo presieder\u00e0 la Liturgia eucaristica nella solennit\u00e0 mariana e nella 48^ Giornata mondiale della pace.<\/span><\/span><span style=\"font-size:12.0pt;font-family:\"Times New Roman\",\"serif\";mso-fareast-font-family:\n\"Times New Roman\"\"><o:p><\/o:p><\/span><\/p>\n<p class=\"MsoNormal\" style=\"margin-bottom: 0.0001pt; text-align: justify;\"><span style=\"font-size: medium;\"><span style=\"font-family: 'Times New Roman';\">\u201cIniziando il nuovo anno sotto lo sguardo di Maria, madre di Dio &#8211; conclude il pastore della Chiesa calatina -, l\u2019augurio che dovremmo farci non \u00e8 di tipo passivo: che il nuovo anno sia migliore; ma attivo: essere migliori in questo nuovo anno. E allora, consapevoli d\u2019esser fatti di tempo, ma non per il tempo, tentiamo di rendere questo tempo un anticipo di eternit\u00e0 e di illuminare, cos\u00ec, il tempo con la luce dell\u2019eternit\u00e0. Il mistero del Natale ci dice, infatti, che il tempo di Dio e il tempo dell\u2019uomo si possono incontrare, anzi si sono gi\u00e0 incontrati\u201d. [01]<\/span><\/span><span style=\"font-size:12.0pt;font-family:\"Times New Roman\",\"serif\";mso-fareast-font-family:\n\"Times New Roman\"\"><o:p><\/o:p><\/span><\/p>\n","protected":false},"excerpt":{"rendered":"","protected":false},"author":1,"featured_media":0,"comment_status":"open","ping_status":"open","sticky":false,"template":"","format":"standard","meta":[],"categories":[30],"tags":[],"news-destination":[],"news-source":[],"is_homepage":[],"ta_other":[],"_links":{"self":[{"href":"https:\/\/www.chiesedisicilia.org\/chiesedisicilia\/news\/wp-json\/wp\/v2\/posts\/1631"}],"collection":[{"href":"https:\/\/www.chiesedisicilia.org\/chiesedisicilia\/news\/wp-json\/wp\/v2\/posts"}],"about":[{"href":"https:\/\/www.chiesedisicilia.org\/chiesedisicilia\/news\/wp-json\/wp\/v2\/types\/post"}],"author":[{"embeddable":true,"href":"https:\/\/www.chiesedisicilia.org\/chiesedisicilia\/news\/wp-json\/wp\/v2\/users\/1"}],"replies":[{"embeddable":true,"href":"https:\/\/www.chiesedisicilia.org\/chiesedisicilia\/news\/wp-json\/wp\/v2\/comments?post=1631"}],"version-history":[{"count":1,"href":"https:\/\/www.chiesedisicilia.org\/chiesedisicilia\/news\/wp-json\/wp\/v2\/posts\/1631\/revisions"}],"predecessor-version":[{"id":20117,"href":"https:\/\/www.chiesedisicilia.org\/chiesedisicilia\/news\/wp-json\/wp\/v2\/posts\/1631\/revisions\/20117"}],"wp:attachment":[{"href":"https:\/\/www.chiesedisicilia.org\/chiesedisicilia\/news\/wp-json\/wp\/v2\/media?parent=1631"}],"wp:term":[{"taxonomy":"category","embeddable":true,"href":"https:\/\/www.chiesedisicilia.org\/chiesedisicilia\/news\/wp-json\/wp\/v2\/categories?post=1631"},{"taxonomy":"post_tag","embeddable":true,"href":"https:\/\/www.chiesedisicilia.org\/chiesedisicilia\/news\/wp-json\/wp\/v2\/tags?post=1631"},{"taxonomy":"news-destination","embeddable":true,"href":"https:\/\/www.chiesedisicilia.org\/chiesedisicilia\/news\/wp-json\/wp\/v2\/news-destination?post=1631"},{"taxonomy":"news-source","embeddable":true,"href":"https:\/\/www.chiesedisicilia.org\/chiesedisicilia\/news\/wp-json\/wp\/v2\/news-source?post=1631"},{"taxonomy":"is_homepage","embeddable":true,"href":"https:\/\/www.chiesedisicilia.org\/chiesedisicilia\/news\/wp-json\/wp\/v2\/is_homepage?post=1631"},{"taxonomy":"ta_other","embeddable":true,"href":"https:\/\/www.chiesedisicilia.org\/chiesedisicilia\/news\/wp-json\/wp\/v2\/ta_other?post=1631"}],"curies":[{"name":"wp","href":"https:\/\/api.w.org\/{rel}","templated":true}]}}