{"id":1627,"date":"2014-12-18T14:10:00","date_gmt":"2014-12-18T13:10:00","guid":{"rendered":"http:\/\/wptestsite.tecnavia.com\/chiesedisicilia_clientsite\/news\/2014\/12\/18\/caltagirone-welfare-in-tempo-di-crisi-strumenti-per-contrastare-vecchie-e-nuove-poverta\/"},"modified":"2018-11-09T11:00:39","modified_gmt":"2018-01-13T11:00:39","slug":"caltagirone-welfare-in-tempo-di-crisi-strumenti-per-contrastare-vecchie-e-nuove-poverta","status":"publish","type":"post","link":"https:\/\/www.chiesedisicilia.org\/2014\/12\/18\/caltagirone-welfare-in-tempo-di-crisi-strumenti-per-contrastare-vecchie-e-nuove-poverta\/","title":{"rendered":"CALTAGIRONE. &#8220;WELFARE IN TEMPO DI CRISI. STRUMENTI PER CONTRASTARE VECCHIE E NUOVE POVERT\u00c0&#8221;"},"content":{"rendered":"<p class=\"MsoNoSpacing\"><span style=\"font-size: medium;\"><span style=\"font-family: 'Times New Roman';\">&#8220;Welfare in tempo di crisi. Strumenti per contrastare vecchie e nuove povert\u00e0&#8221;\u00e8 il titolo del seminario di studi che l\u2019Ufficio diocesano per la Pastorale sociale e il lavoro (Ups) e la Caritas diocesana organizzano per sabato 20 dicembre, alle ore 16.00, presso l\u2019Hotel Villa Sturzo, e al quale parteciperanno mons. Calogero Peri, Vescovo di Caltagirone, e l\u2019on. Rosario Crocetta, presidente della Regione Sicilia.<\/span><\/span><span style=\"font-size:12.0pt;\nfont-family:\"Times New Roman\",\"serif\";mso-fareast-font-family:\"Times New Roman\"\"><o:p><\/o:p><\/span><\/p>\n<p class=\"MsoNoSpacing\"><span style=\"font-size: medium;\"><span style=\"font-family: 'Times New Roman';\">&#8220;Crediamo che la Chiesa possa fare da stimolo verso chi \u00e8 chiamato a realizzare il bene comune e ad attuare politiche sociali che abbiamo come priorit\u00e0 le persone pi\u00f9 in difficolt\u00e0 &#8211; dichiara don Tino Zappulla, direttore dell\u2019Ups -. Il Vangelo \u00e8 non solo annuncio del Regno dei Cieli, ma altres\u00ec \u201cliberazione\u201d da ogni forma di miseria. \u00c8 un impegno per costruire una nuova civilt\u00e0. Occorre per questo che ognuno faccia la sua parte, ma occorrono anche persone impegnate nella conoscenza dei problemi e nelle possibili risposte evangeliche che ad essi si possono dare. Ci auguriamo che questa occasione possa segnare una nuova tappa nel cammino di dialogo e di impegno della comunit\u00e0 cristiana e del suo desiderio di dare testimonianza, anche e soprattutto, nel mondo laico, sociale e politico&#8221;.<\/span><\/span><span style=\"font-size:12.0pt;font-family:\"Times New Roman\",\"serif\";mso-fareast-font-family:\n\"Times New Roman\"\"><o:p><\/o:p><\/span><\/p>\n<p class=\"MsoNoSpacing\"><span style=\"font-size: medium;\"><span style=\"font-family: 'Times New Roman';\">I lavori saranno introdotti da don Zappulla e da don Luciano Di Silvestro, direttore della Caritas diocesana. Seguiranno gli interventi del presidente Crocetta e di mons. Peri. \u00c8 prevista la partecipazione dei sindaci, dei presidenti dei Consigli comunali e della deputazione regionale e nazionale del territorio. Il seminario si inserisce nella serie di incontri promossi, nei mesi scorsi, dall\u2019Ups e ai quali hanno preso parte i rappresentanti istituzionali del territorio.<\/span><\/span><span style=\"font-size:12.0pt;font-family:\"Times New Roman\",\"serif\";mso-fareast-font-family:\n\"Times New Roman\"\"><o:p><\/o:p><\/span><\/p>\n<p class=\"MsoNoSpacing\"><span style=\"font-size: medium;\"><span style=\"font-family: 'Times New Roman';\">Nel mese di agosto, inoltre, mons. Peri ha inviato al presidente del Consiglio dei Ministri e al presidente della Regione una lettera aperta, sottoscritta dai sindaci e dalla deputazione del Calatino, per descrivere &#8220;la situazione sociale locale e la necessit\u00e0 di intervenire con strumenti adeguati in un sistema produttivo ed economico al collasso&#8221;. [01]<\/span><\/span><span style=\"font-size:12.0pt;font-family:\"Times New Roman\",\"serif\";\nmso-fareast-font-family:\"Times New Roman\"\"><o:p><\/o:p><\/span><\/p>\n","protected":false},"excerpt":{"rendered":"","protected":false},"author":1,"featured_media":0,"comment_status":"open","ping_status":"open","sticky":false,"template":"","format":"standard","meta":[],"categories":[30],"tags":[],"news-destination":[],"news-source":[],"is_homepage":[],"ta_other":[],"_links":{"self":[{"href":"https:\/\/www.chiesedisicilia.org\/chiesedisicilia\/news\/wp-json\/wp\/v2\/posts\/1627"}],"collection":[{"href":"https:\/\/www.chiesedisicilia.org\/chiesedisicilia\/news\/wp-json\/wp\/v2\/posts"}],"about":[{"href":"https:\/\/www.chiesedisicilia.org\/chiesedisicilia\/news\/wp-json\/wp\/v2\/types\/post"}],"author":[{"embeddable":true,"href":"https:\/\/www.chiesedisicilia.org\/chiesedisicilia\/news\/wp-json\/wp\/v2\/users\/1"}],"replies":[{"embeddable":true,"href":"https:\/\/www.chiesedisicilia.org\/chiesedisicilia\/news\/wp-json\/wp\/v2\/comments?post=1627"}],"version-history":[{"count":1,"href":"https:\/\/www.chiesedisicilia.org\/chiesedisicilia\/news\/wp-json\/wp\/v2\/posts\/1627\/revisions"}],"predecessor-version":[{"id":20113,"href":"https:\/\/www.chiesedisicilia.org\/chiesedisicilia\/news\/wp-json\/wp\/v2\/posts\/1627\/revisions\/20113"}],"wp:attachment":[{"href":"https:\/\/www.chiesedisicilia.org\/chiesedisicilia\/news\/wp-json\/wp\/v2\/media?parent=1627"}],"wp:term":[{"taxonomy":"category","embeddable":true,"href":"https:\/\/www.chiesedisicilia.org\/chiesedisicilia\/news\/wp-json\/wp\/v2\/categories?post=1627"},{"taxonomy":"post_tag","embeddable":true,"href":"https:\/\/www.chiesedisicilia.org\/chiesedisicilia\/news\/wp-json\/wp\/v2\/tags?post=1627"},{"taxonomy":"news-destination","embeddable":true,"href":"https:\/\/www.chiesedisicilia.org\/chiesedisicilia\/news\/wp-json\/wp\/v2\/news-destination?post=1627"},{"taxonomy":"news-source","embeddable":true,"href":"https:\/\/www.chiesedisicilia.org\/chiesedisicilia\/news\/wp-json\/wp\/v2\/news-source?post=1627"},{"taxonomy":"is_homepage","embeddable":true,"href":"https:\/\/www.chiesedisicilia.org\/chiesedisicilia\/news\/wp-json\/wp\/v2\/is_homepage?post=1627"},{"taxonomy":"ta_other","embeddable":true,"href":"https:\/\/www.chiesedisicilia.org\/chiesedisicilia\/news\/wp-json\/wp\/v2\/ta_other?post=1627"}],"curies":[{"name":"wp","href":"https:\/\/api.w.org\/{rel}","templated":true}]}}