{"id":1621,"date":"2014-12-09T21:23:00","date_gmt":"2014-12-09T20:23:00","guid":{"rendered":"http:\/\/wptestsite.tecnavia.com\/chiesedisicilia_clientsite\/news\/2014\/12\/09\/caltagirone-riapre-al-culto-san-nicola-a-palagonia\/"},"modified":"2018-11-09T11:00:39","modified_gmt":"2018-01-13T11:00:39","slug":"caltagirone-riapre-al-culto-san-nicola-a-palagonia","status":"publish","type":"post","link":"https:\/\/www.chiesedisicilia.org\/2014\/12\/09\/caltagirone-riapre-al-culto-san-nicola-a-palagonia\/","title":{"rendered":"CALTAGIRONE. RIAPRE AL CULTO SAN NICOLA, A PALAGONIA"},"content":{"rendered":"<div><span style=\"font-size:12.0pt;font-family:\" times=\"\" new=\"\"><span style=\"font-size: medium;\"><span style=\"font-family: 'Times New Roman';\">Sabato 6 dicembre, alle ore 18.00, con la Celebrazione eucaristica presieduta da don Gioacchino Pusano, parroco della parrocchia Matrice, sar\u00e0 restituita alla comunit\u00e0 la chiesa San Nicola.<\/span><\/span><o:p><\/o:p><\/span><\/div>\n<div><span style=\"font-size: medium;\"><span style=\"font-family: 'Times New Roman';\">Dopo settant\u2019anni dalla prima chiusura, nel giorno della festa del Santo di Myra, la chiesetta, situata nel cuore del centro storico di Palagonia, sar\u00e0 riaperta al culto.<\/span><\/span><span style=\"font-size:12.0pt;font-family:\" times=\"\" new=\"\"><o:p><\/o:p><\/span><\/div>\n<div><span style=\"font-size: medium;\"><span style=\"font-family: 'Times New Roman';\">Nel 2004, dopo l\u2019esecuzione di lavori di restauro che l\u2019hanno sottratta all\u2019incuria, la chiesetta \u00e8 stata riaperta al pubblico per ospitare eventi culturali. Dopo dieci anni il luogo ritorna alla sua destinazione originaria, come edificio di culto. <\/span><\/span><span style=\"font-size:12.0pt;font-family:\" times=\"\" new=\"\"><o:p><\/o:p><\/span><\/div>\n<div><span style=\"font-size: medium;\"><span style=\"font-family: 'Times New Roman';\">Il 5 dicembre, alle ore 18.30, al termine della Santa Messa, \u00e8 prevista una processione eucaristica dalla chiesa della Madonna della Grazia alla chiesa di San Nicola, che si concluder\u00e0 con l\u2019adorazione eucaristica.<\/span><\/span><span style=\"font-size:12.0pt;font-family:\" times=\"\" new=\"\"><o:p><\/o:p><\/span><\/div>\n<div><span style=\"font-size: medium;\"><span style=\"font-family: 'Times New Roman';\">Il 6 dicembre, alle ore 18.00, la chiesetta ospiter\u00e0 i bambini del catechismo e alle ore 18.00, come gi\u00e0 anticipato, sar\u00e0 celebrata la Santa Messa.<\/span><\/span><span style=\"font-size:12.0pt;font-family:\" times=\"\" new=\"\"><o:p><\/o:p><\/span><\/div>\n<div><span style=\"font-size: medium;\"><span style=\"font-family: 'Times New Roman';\">Il culto di San Nicola a Palagonia ha radici antichissime, come documenta il diploma di Papa Alessandro III del 1169 che cita una Chiesa rurale dedicata al Santo in contrada Trefontane.<\/span><\/span><span style=\"font-size:12.0pt;font-family:\" times=\"\" new=\"\"><o:p><\/o:p><\/span><\/div>\n<div><span style=\"font-size: medium; font-family: 'Times New Roman';\">La Chiesa non \u00e8 citata in documenti seguenti\u00a0 e si ritiene che sia stata abbandonata nei secoli successivi. La rifondazione risale al 1450 ad opera del barone Carlo Gravina.<\/span><span style=\"font-size: 16px;\">\u00a0<\/span><span style=\"font-family: 'Times New Roman'; font-size: medium;\">La conferma della nascita della Chiesa in questo periodo ci viene da una data graffita scoperta durante il restauro della porta principale che ci permette di far risalire tale costruzione al XVI secolo (1506). Nell\u2019edificio si apprezzano elementi architettonici cinquecenteschi e settecenteschi.<\/span><\/div>\n<div><span style=\"font-size: medium;\"><span style=\"font-family: 'Times New Roman';\">Al centro della navata, due lastre di vetro lasciano intravedere la cripta, mentre la cantoria e il campanile sono andate perdute. [01]<\/span><\/span><span style=\"font-size:12.0pt;font-family:\" times=\"\" new=\"\"><o:p><\/o:p><\/span><\/div>\n","protected":false},"excerpt":{"rendered":"","protected":false},"author":1,"featured_media":0,"comment_status":"open","ping_status":"open","sticky":false,"template":"","format":"standard","meta":[],"categories":[30],"tags":[],"news-destination":[],"news-source":[],"is_homepage":[],"ta_other":[],"_links":{"self":[{"href":"https:\/\/www.chiesedisicilia.org\/chiesedisicilia\/news\/wp-json\/wp\/v2\/posts\/1621"}],"collection":[{"href":"https:\/\/www.chiesedisicilia.org\/chiesedisicilia\/news\/wp-json\/wp\/v2\/posts"}],"about":[{"href":"https:\/\/www.chiesedisicilia.org\/chiesedisicilia\/news\/wp-json\/wp\/v2\/types\/post"}],"author":[{"embeddable":true,"href":"https:\/\/www.chiesedisicilia.org\/chiesedisicilia\/news\/wp-json\/wp\/v2\/users\/1"}],"replies":[{"embeddable":true,"href":"https:\/\/www.chiesedisicilia.org\/chiesedisicilia\/news\/wp-json\/wp\/v2\/comments?post=1621"}],"version-history":[{"count":1,"href":"https:\/\/www.chiesedisicilia.org\/chiesedisicilia\/news\/wp-json\/wp\/v2\/posts\/1621\/revisions"}],"predecessor-version":[{"id":20105,"href":"https:\/\/www.chiesedisicilia.org\/chiesedisicilia\/news\/wp-json\/wp\/v2\/posts\/1621\/revisions\/20105"}],"wp:attachment":[{"href":"https:\/\/www.chiesedisicilia.org\/chiesedisicilia\/news\/wp-json\/wp\/v2\/media?parent=1621"}],"wp:term":[{"taxonomy":"category","embeddable":true,"href":"https:\/\/www.chiesedisicilia.org\/chiesedisicilia\/news\/wp-json\/wp\/v2\/categories?post=1621"},{"taxonomy":"post_tag","embeddable":true,"href":"https:\/\/www.chiesedisicilia.org\/chiesedisicilia\/news\/wp-json\/wp\/v2\/tags?post=1621"},{"taxonomy":"news-destination","embeddable":true,"href":"https:\/\/www.chiesedisicilia.org\/chiesedisicilia\/news\/wp-json\/wp\/v2\/news-destination?post=1621"},{"taxonomy":"news-source","embeddable":true,"href":"https:\/\/www.chiesedisicilia.org\/chiesedisicilia\/news\/wp-json\/wp\/v2\/news-source?post=1621"},{"taxonomy":"is_homepage","embeddable":true,"href":"https:\/\/www.chiesedisicilia.org\/chiesedisicilia\/news\/wp-json\/wp\/v2\/is_homepage?post=1621"},{"taxonomy":"ta_other","embeddable":true,"href":"https:\/\/www.chiesedisicilia.org\/chiesedisicilia\/news\/wp-json\/wp\/v2\/ta_other?post=1621"}],"curies":[{"name":"wp","href":"https:\/\/api.w.org\/{rel}","templated":true}]}}