{"id":1617,"date":"2014-11-27T11:55:00","date_gmt":"2014-11-27T10:55:00","guid":{"rendered":"http:\/\/wptestsite.tecnavia.com\/chiesedisicilia_clientsite\/news\/2014\/11\/27\/caltagirone-lanno-formativo-diocesano-nel-segno-di-don-sturzo\/"},"modified":"2018-11-09T11:00:39","modified_gmt":"2018-01-13T11:00:39","slug":"caltagirone-lanno-formativo-diocesano-nel-segno-di-don-sturzo","status":"publish","type":"post","link":"https:\/\/www.chiesedisicilia.org\/2014\/11\/27\/caltagirone-lanno-formativo-diocesano-nel-segno-di-don-sturzo\/","title":{"rendered":"CALTAGIRONE. L\u2019ANNO FORMATIVO DIOCESANO NEL SEGNO DI DON STURZO"},"content":{"rendered":"<p class=\"MsoNoSpacing\"><span style=\"font-size: medium;\"><span style=\"font-family: 'Times New Roman';\"><span times=\"\" new=\"\">Mercoled\u00ec 26 novembre, nel 143\u00b0 anniversario della nascita del servo di Dio don Luigi Sturzo, sar\u00e0 inaugurato l\u2019anno formativo diocesano. La cerimonia \u00e8 prevista alle ore 19, nella Chiesa del SS. Salvatore, con la Celebrazione eucaristica, presieduta da mons. Calogero Peri, Vescovo di Caltagirone. &#8220;Nella prospettiva di realizzare un sempre pi\u00f9 armonioso coordinamento delle molteplici attivit\u00e0 pastorali diocesane &#8211; spiega il vicario generale, don Gianni Zavattieri -, si \u00e8 ritenuto utile istituzionalizzare, da quest\u2019anno, un inaugurazione comunitaria di tutte le iniziative di formazione promosse nella nostra Chiesa&#8221;.<\/span><\/span><\/span><span style=\"font-size:12.0pt;font-family:\" times=\"\" new=\"\"><o:p><\/o:p><\/span><\/p>\n<p class=\"MsoNoSpacing\"><span style=\"font-size: medium;\"><span style=\"font-family: 'Times New Roman';\"><span times=\"\" new=\"\">Sono, infatti, diverse le proposte formative diocesane. Si parte dalla Scuola teologica di base, come percorso organico di introduzione agli studi teologici rivolto ai catechisti e agli operatori pastorali, per rivolgersi poi alla formazione specifica: per i diaconi permanenti e i ministri istituti; per gli animatori parrocchiali delle comunicazioni sociali; per gli operatori della pastorale sociale; per gli operatori Caritas. Si aggiungono le attivit\u00e0 particolari organizzate dai movimenti e dalle aggregazioni laicali.<\/span><\/span><\/span><span style=\"font-size:12.0pt;font-family:\" times=\"\" new=\"\"><o:p><\/o:p><\/span><\/p>\n<p class=\"MsoNoSpacing\"><span style=\"font-size: medium;\"><span style=\"font-family: 'Times New Roman';\"><span times=\"\" new=\"\">&#8220;Con questo momento &#8211; aggiunge don Zavattieri &#8211; desideriamo promuovere il sentimento dell\u2019appartenenza di tutti all\u2019unico Corpo di Cristo, che \u00e8 la Chiesa, in spirito di fraterna collaborazione e condivisione&#8221;. L\u2019inaugurazione dell\u2019anno formativo diocesano, quest\u2019anno, coincide con l\u2019apertura della XXXII \u201cCattedra Sturzo\u201d, promossa e organizzata dall\u2019omonimo Istituto di Sociologia di Caltagirone, sul tema Democrazia tra politica e morale.<\/span><\/span><\/span><span style=\"font-size:12.0pt;font-family:\" times=\"\" new=\"\"><o:p><\/o:p><\/span><\/p>\n<p class=\"MsoNoSpacing\"><span style=\"font-size: medium;\"><span style=\"font-family: 'Times New Roman';\"><span times=\"\" new=\"\">&#8220;Don Sturzo \u00e8 una figura di altissimo profilo spirituale e culturale &#8211; commenta il vicario generale -, che merita di essere adeguatamente celebrata e valorizzata come multiforme ed eminente riferimento in ordine alla formazione all\u2019impegno educativo, sociale e culturale degli comunit\u00e0 cristiana e dunque modello credibile e stimolante di dedizione alla causa del Vangelo&#8221;.<\/span><\/span><\/span><span style=\"font-size:12.0pt;font-family:\" times=\"\" new=\"\"><o:p><\/o:p><\/span><\/p>\n<p class=\"MsoNoSpacing\"><span style=\"font-size: medium;\"><span style=\"font-family: 'Times New Roman';\"><span times=\"\" new=\"\">Il programma del giorno prevede gi\u00e0 alle ore 17, nel Salone del Municipio di Caltagirone, la sessione inaugurale della Cattedra Sturzo e la prolusione del prof. Nicola Antonetti, presidente dell\u2019Istituto Sturzo di Roma e ordinario di Storia delle dottrine politiche all\u2019Universit\u00e0 di Parma. <\/span><\/span><\/span><span style=\"font-size:12.0pt;font-family:\" times=\"\" new=\"\"><o:p><\/o:p><\/span><\/p>\n<p class=\"MsoNoSpacing\"><span style=\"font-size: medium;\"><span style=\"font-family: 'Times New Roman';\"><span times=\"\" new=\"\">Interverranno: Nicola Bonanno (sindaco di Caltagirone), Giacomo De Caro (presidente dell\u2019Istituto di Sociologia \u201cLuigi Sturzo\u201d) e il Vescovo. I lavori saranno moderati da Enzo Nicoletti.<\/span><\/span><\/span><span style=\"font-size:12.0pt;font-family:\" times=\"\" new=\"\"><o:p><\/o:p><\/span><\/p>\n<p class=\"MsoNoSpacing\"><span style=\"font-size: medium;\"><span style=\"font-family: 'Times New Roman';\"><span times=\"\" new=\"\">Alle ore 19.00, come gi\u00e0 anticipato, nella Chiesa del SS. Salvatore, mons. Peri presieder\u00e0 la Santa Messa. [01]<\/span><\/span><\/span><span style=\"font-size:12.0pt;font-family:\" times=\"\" new=\"\"><o:p><\/o:p><\/span><\/p>\n","protected":false},"excerpt":{"rendered":"","protected":false},"author":1,"featured_media":0,"comment_status":"open","ping_status":"open","sticky":false,"template":"","format":"standard","meta":[],"categories":[30],"tags":[],"news-destination":[],"news-source":[],"is_homepage":[],"ta_other":[],"_links":{"self":[{"href":"https:\/\/www.chiesedisicilia.org\/chiesedisicilia\/news\/wp-json\/wp\/v2\/posts\/1617"}],"collection":[{"href":"https:\/\/www.chiesedisicilia.org\/chiesedisicilia\/news\/wp-json\/wp\/v2\/posts"}],"about":[{"href":"https:\/\/www.chiesedisicilia.org\/chiesedisicilia\/news\/wp-json\/wp\/v2\/types\/post"}],"author":[{"embeddable":true,"href":"https:\/\/www.chiesedisicilia.org\/chiesedisicilia\/news\/wp-json\/wp\/v2\/users\/1"}],"replies":[{"embeddable":true,"href":"https:\/\/www.chiesedisicilia.org\/chiesedisicilia\/news\/wp-json\/wp\/v2\/comments?post=1617"}],"version-history":[{"count":1,"href":"https:\/\/www.chiesedisicilia.org\/chiesedisicilia\/news\/wp-json\/wp\/v2\/posts\/1617\/revisions"}],"predecessor-version":[{"id":20101,"href":"https:\/\/www.chiesedisicilia.org\/chiesedisicilia\/news\/wp-json\/wp\/v2\/posts\/1617\/revisions\/20101"}],"wp:attachment":[{"href":"https:\/\/www.chiesedisicilia.org\/chiesedisicilia\/news\/wp-json\/wp\/v2\/media?parent=1617"}],"wp:term":[{"taxonomy":"category","embeddable":true,"href":"https:\/\/www.chiesedisicilia.org\/chiesedisicilia\/news\/wp-json\/wp\/v2\/categories?post=1617"},{"taxonomy":"post_tag","embeddable":true,"href":"https:\/\/www.chiesedisicilia.org\/chiesedisicilia\/news\/wp-json\/wp\/v2\/tags?post=1617"},{"taxonomy":"news-destination","embeddable":true,"href":"https:\/\/www.chiesedisicilia.org\/chiesedisicilia\/news\/wp-json\/wp\/v2\/news-destination?post=1617"},{"taxonomy":"news-source","embeddable":true,"href":"https:\/\/www.chiesedisicilia.org\/chiesedisicilia\/news\/wp-json\/wp\/v2\/news-source?post=1617"},{"taxonomy":"is_homepage","embeddable":true,"href":"https:\/\/www.chiesedisicilia.org\/chiesedisicilia\/news\/wp-json\/wp\/v2\/is_homepage?post=1617"},{"taxonomy":"ta_other","embeddable":true,"href":"https:\/\/www.chiesedisicilia.org\/chiesedisicilia\/news\/wp-json\/wp\/v2\/ta_other?post=1617"}],"curies":[{"name":"wp","href":"https:\/\/api.w.org\/{rel}","templated":true}]}}