{"id":1616,"date":"2014-11-22T22:07:00","date_gmt":"2014-11-22T21:07:00","guid":{"rendered":"http:\/\/wptestsite.tecnavia.com\/chiesedisicilia_clientsite\/news\/2014\/11\/22\/caltagirone-xix-cammino-diocesano-delle-confraternite-e-delle-pie-unioni\/"},"modified":"2018-11-09T11:00:39","modified_gmt":"2018-01-13T11:00:39","slug":"caltagirone-xix-cammino-diocesano-delle-confraternite-e-delle-pie-unioni","status":"publish","type":"post","link":"https:\/\/www.chiesedisicilia.org\/2014\/11\/22\/caltagirone-xix-cammino-diocesano-delle-confraternite-e-delle-pie-unioni\/","title":{"rendered":"CALTAGIRONE. XIX CAMMINO DIOCESANO DELLE CONFRATERNITE E DELLE PIE UNIONI"},"content":{"rendered":"<p style=\"margin: 0cm 0cm 0.0001pt; text-align: justify; background-image: initial; background-attachment: initial; background-size: initial; background-origin: initial; background-clip: initial; background-position: initial; background-repeat: initial;\"><span style=\"font-size: medium;\"><span style=\"font-family: 'Times New Roman';\">\u201cTestimoni di Cristo oggi. Quale identit\u00e0 per le Confraternite e le Pie Unioni\u201d \u00e8 il tema del XIX Cammino diocesano delle Confraternite e delle Pie Unioni che si svolge domenica 23 novembre a Licodia Eubea. \u00c8 un evento che vede la partecipazione delle 40 Confraternite e Pie Unioni presenti nella comunit\u00e0 diocesana, coordinati dal Centro diocesano presieduto da Lidia Costa. Insieme con gli oltre 300 confrati, anche il coordinatore regionale delle Confraternite e delle Pie Unioni, Vincenzo Musumarra.<\/span><\/span><\/p>\n<p class=\"MsoNormal\" style=\"margin-bottom: 0.0001pt; text-align: justify;\"><span style=\"font-size: medium;\"><span style=\"font-family: 'Times New Roman';\">\u201cLe Confraternite e le Pie Unione &#8211; afferma Costa &#8211; rappresentano una grande risorsa per la nostra Diocesi. Ad esse partecipano attivamente uomini, donne, giovani, famiglie. Diventa cos\u00ec pi\u00f9 semplice la nuova evangelizzazione. Facciamo appello ai parroci, affinch\u00e9 sostengano ed incoraggino queste nostre realt\u00e0 pastorali nelle Parrocchie e ci aiutino, nel cammino spirituale intrapreso, valorizzando il nostro carisma e la nostra identit\u00e0 a servizio di tutta la comunit\u00e0 ecclesiale e in particolare delle famiglie che vivono situazioni di crisi e di marginalit\u00e0\u201d.<\/span><\/span><span style=\"font-size:12.0pt;font-family:\"Times New Roman\",\"serif\";mso-bidi-font-family:\n\"Times New Roman\";mso-bidi-theme-font:minor-bidi\"><o:p><\/o:p><\/span><\/p>\n<p class=\"MsoNormal\" style=\"margin-bottom: 0.0001pt; text-align: justify;\"><span style=\"font-size: medium;\"><span style=\"font-family: 'Times New Roman';\">La giornata si apre alle ore 8.30, con l\u2019accoglienza presso il \u201cTeatro della Legalit\u00e0\u201d. Alle ore 10.30 la processione per le vie della citt\u00e0 e, un\u2019ora dopo, la concelebrazione eucaristica presso la Basilica di Santa Margherita. <\/span><\/span><span style=\"font-size:12.0pt;font-family:\"Times New Roman\",\"serif\";mso-bidi-font-family:\n\"Times New Roman\";mso-bidi-theme-font:minor-bidi\"><o:p><\/o:p><\/span><\/p>\n<p class=\"MsoNormal\" style=\"margin-bottom: 0.0001pt; text-align: justify;\"><span style=\"font-size: medium;\"><span style=\"font-family: 'Times New Roman';\">\u201dIn continuit\u00e0 con l\u2019impegno profuso da mons. Mario Messina come assistente diocesano delle Confraternite e delle Pie Unioni &#8211; dichiara don Nicol\u00f2 Renda, delegato vescovile per le Confraternite e le Pie Unioni &#8211; e ringraziandolo per il prezioso ministero svolto, mi preparo a vivere con gioia questo momento. Sar\u00e0 anche l\u2019occasione per riflettere insieme, come ci suggerisce il tema della giornata, sul ruolo, l\u2019identit\u00e0 e l\u2019attualit\u00e0 di questi nostri sodalizi nella vita della Chiesa e in particolare della nostra Chiesa diocesana\u201d.<\/span><\/span><span style=\"font-size:12.0pt;font-family:\"Times New Roman\",\"serif\";mso-bidi-font-family:\n\"Times New Roman\";mso-bidi-theme-font:minor-bidi\"><o:p><\/o:p><\/span><\/p>\n<p class=\"MsoNormal\" style=\"margin-bottom: 0.0001pt; text-align: justify;\"><span style=\"font-size: medium;\"><span style=\"font-family: 'Times New Roman';\">L\u2019appuntamento si colloca, inoltre, nell\u2019ambito dei festeggiamenti per il 275\u00b0 anniversario della dedicazione della Basilica di Santa Margherita. [01]<\/span><\/span><span style=\"font-size:12.0pt;font-family:\"Times New Roman\",\"serif\";mso-bidi-font-family:\n\"Times New Roman\";mso-bidi-theme-font:minor-bidi\"><o:p><\/o:p><\/span><\/p>\n","protected":false},"excerpt":{"rendered":"","protected":false},"author":1,"featured_media":0,"comment_status":"open","ping_status":"open","sticky":false,"template":"","format":"standard","meta":[],"categories":[30],"tags":[],"news-destination":[],"news-source":[],"is_homepage":[],"ta_other":[],"_links":{"self":[{"href":"https:\/\/www.chiesedisicilia.org\/chiesedisicilia\/news\/wp-json\/wp\/v2\/posts\/1616"}],"collection":[{"href":"https:\/\/www.chiesedisicilia.org\/chiesedisicilia\/news\/wp-json\/wp\/v2\/posts"}],"about":[{"href":"https:\/\/www.chiesedisicilia.org\/chiesedisicilia\/news\/wp-json\/wp\/v2\/types\/post"}],"author":[{"embeddable":true,"href":"https:\/\/www.chiesedisicilia.org\/chiesedisicilia\/news\/wp-json\/wp\/v2\/users\/1"}],"replies":[{"embeddable":true,"href":"https:\/\/www.chiesedisicilia.org\/chiesedisicilia\/news\/wp-json\/wp\/v2\/comments?post=1616"}],"version-history":[{"count":1,"href":"https:\/\/www.chiesedisicilia.org\/chiesedisicilia\/news\/wp-json\/wp\/v2\/posts\/1616\/revisions"}],"predecessor-version":[{"id":20100,"href":"https:\/\/www.chiesedisicilia.org\/chiesedisicilia\/news\/wp-json\/wp\/v2\/posts\/1616\/revisions\/20100"}],"wp:attachment":[{"href":"https:\/\/www.chiesedisicilia.org\/chiesedisicilia\/news\/wp-json\/wp\/v2\/media?parent=1616"}],"wp:term":[{"taxonomy":"category","embeddable":true,"href":"https:\/\/www.chiesedisicilia.org\/chiesedisicilia\/news\/wp-json\/wp\/v2\/categories?post=1616"},{"taxonomy":"post_tag","embeddable":true,"href":"https:\/\/www.chiesedisicilia.org\/chiesedisicilia\/news\/wp-json\/wp\/v2\/tags?post=1616"},{"taxonomy":"news-destination","embeddable":true,"href":"https:\/\/www.chiesedisicilia.org\/chiesedisicilia\/news\/wp-json\/wp\/v2\/news-destination?post=1616"},{"taxonomy":"news-source","embeddable":true,"href":"https:\/\/www.chiesedisicilia.org\/chiesedisicilia\/news\/wp-json\/wp\/v2\/news-source?post=1616"},{"taxonomy":"is_homepage","embeddable":true,"href":"https:\/\/www.chiesedisicilia.org\/chiesedisicilia\/news\/wp-json\/wp\/v2\/is_homepage?post=1616"},{"taxonomy":"ta_other","embeddable":true,"href":"https:\/\/www.chiesedisicilia.org\/chiesedisicilia\/news\/wp-json\/wp\/v2\/ta_other?post=1616"}],"curies":[{"name":"wp","href":"https:\/\/api.w.org\/{rel}","templated":true}]}}