{"id":16116,"date":"2023-01-25T09:28:50","date_gmt":"2023-01-25T08:28:50","guid":{"rendered":"http:\/\/www-chiesedisicilia-org-euwp*.sitenm.com\/?p=16116"},"modified":"2023-01-25T09:28:57","modified_gmt":"2022-03-31T09:28:57","slug":"presenza-laicale-vivace-e-incisiva-e-chiesa-vicina-al-cuore-della-gente-le-chiese-di-sicilia-e-il-cammino-sinodale","status":"publish","type":"post","link":"https:\/\/www.chiesedisicilia.org\/2023\/01\/25\/presenza-laicale-vivace-e-incisiva-e-chiesa-vicina-al-cuore-della-gente-le-chiese-di-sicilia-e-il-cammino-sinodale\/","title":{"rendered":"PRESENZA LAICALE VIVACE E INCISIVA E CHIESA VICINA AL CUORE DELLA GENTE: LE CHIESE DI SICILIA E IL CAMMINO SINODALE"},"content":{"rendered":"<p>&#8220;<em>Il cammino delle Chiese di Sicilia per il nuovo quinquennio che si \u00e8 appena aperto si intreccia con il cammino sinodale della Chiesa universale con un cantiere che attraversa trasversalmente la pastorale di tutte le nostre diocesi e che \u00e8 attinente ai temi sociali emergenti: lo spopolamento, la fuga dei giovani, l\u2019immigrazione, la necessit\u00e0 di costruire uno sviluppo organico e di far lievitare la presenza del laicato cattolico all\u2019interno del nostro tessuto sociale ed ecclesiale<\/em>&#8220;.<\/p>\n<p>Cos\u00ec <strong>mons. Cesare Di Pietro, vescovo ausiliare di Messina e delegato CESi per il Sinodo<\/strong>, presenta i temi attorno ai quali si lavora nel percorso di preparazione all&#8217;assemblea regionale delle Chiese di Sicilia, che coinvolge gi\u00e0 da adesso tutti gli uffici pastorali regionali e i referenti diocesani per il Sinodo. Lo fa attraverso un breve video pubblicato sui canali social della Segreteria pastorale della CESi, diretta da don Giuseppe Rabita. &#8220;<em>Si tratta di immaginare una nuova presenza del laicato<\/em> &#8211; spiega il vescovo -, <em>una presenza pi\u00f9 vivace, pi\u00f9 intensa, pi\u00f9 incisiva nel tessuto sociale ed ecclesiale della nostra isola e una presenza della Chiesa sempre pi\u00f9 in sintonia con i problemi della nostra gente, sempre pi\u00f9 vicina alla al cuore dei nostri concittadini<\/em>&#8220;.<\/p>\n<p>Nel video anche la sintesi del percorso sinodale svolto fino ad oggi nelle diocesi siciliane: \u00e8 presentato da <strong>mons. Onofrio Castelli, che insieme con Maria Dolores Doria, \u00e8 il referente regionale per il Cammino sinodale in Sicilia<\/strong>. &#8220;<em>\u00c8 stato posto un fermento<\/em>&#8221; dice e parla del coinvolgimento delle cosiddette &#8220;<em>periferie<\/em>&#8220;, cio\u00e8 quanti non \u00a0frequentano da vicino le parrocchie e le comunit\u00e0 e di &#8220;<em>grande entusiasmo da parte di molte comunit\u00e0 in un momento anche non molto facile, di ripresa<\/em>&#8220;.<\/p>\n<p>&nbsp;<\/p>\n<p><iframe loading=\"lazy\" width=\"640\" height=\"360\" src=\"https:\/\/www.youtube.com\/embed\/KGsIyFw4JU0?feature=oembed\" frameborder=\"0\" allow=\"accelerometer; autoplay; clipboard-write; encrypted-media; gyroscope; picture-in-picture; web-share\" allowfullscreen title=\"L\u2019Assemblea ecclesiale regionale e i cantieri sinodali\"><\/iframe><\/p>\n","protected":false},"excerpt":{"rendered":"","protected":false},"author":4,"featured_media":0,"comment_status":"closed","ping_status":"closed","sticky":false,"template":"","format":"standard","meta":[],"categories":[7],"tags":[],"news-destination":[],"news-source":[],"is_homepage":[],"ta_other":[],"_links":{"self":[{"href":"https:\/\/www.chiesedisicilia.org\/chiesedisicilia\/news\/wp-json\/wp\/v2\/posts\/16116"}],"collection":[{"href":"https:\/\/www.chiesedisicilia.org\/chiesedisicilia\/news\/wp-json\/wp\/v2\/posts"}],"about":[{"href":"https:\/\/www.chiesedisicilia.org\/chiesedisicilia\/news\/wp-json\/wp\/v2\/types\/post"}],"author":[{"embeddable":true,"href":"https:\/\/www.chiesedisicilia.org\/chiesedisicilia\/news\/wp-json\/wp\/v2\/users\/4"}],"replies":[{"embeddable":true,"href":"https:\/\/www.chiesedisicilia.org\/chiesedisicilia\/news\/wp-json\/wp\/v2\/comments?post=16116"}],"version-history":[{"count":1,"href":"https:\/\/www.chiesedisicilia.org\/chiesedisicilia\/news\/wp-json\/wp\/v2\/posts\/16116\/revisions"}],"predecessor-version":[{"id":23896,"href":"https:\/\/www.chiesedisicilia.org\/chiesedisicilia\/news\/wp-json\/wp\/v2\/posts\/16116\/revisions\/23896"}],"wp:attachment":[{"href":"https:\/\/www.chiesedisicilia.org\/chiesedisicilia\/news\/wp-json\/wp\/v2\/media?parent=16116"}],"wp:term":[{"taxonomy":"category","embeddable":true,"href":"https:\/\/www.chiesedisicilia.org\/chiesedisicilia\/news\/wp-json\/wp\/v2\/categories?post=16116"},{"taxonomy":"post_tag","embeddable":true,"href":"https:\/\/www.chiesedisicilia.org\/chiesedisicilia\/news\/wp-json\/wp\/v2\/tags?post=16116"},{"taxonomy":"news-destination","embeddable":true,"href":"https:\/\/www.chiesedisicilia.org\/chiesedisicilia\/news\/wp-json\/wp\/v2\/news-destination?post=16116"},{"taxonomy":"news-source","embeddable":true,"href":"https:\/\/www.chiesedisicilia.org\/chiesedisicilia\/news\/wp-json\/wp\/v2\/news-source?post=16116"},{"taxonomy":"is_homepage","embeddable":true,"href":"https:\/\/www.chiesedisicilia.org\/chiesedisicilia\/news\/wp-json\/wp\/v2\/is_homepage?post=16116"},{"taxonomy":"ta_other","embeddable":true,"href":"https:\/\/www.chiesedisicilia.org\/chiesedisicilia\/news\/wp-json\/wp\/v2\/ta_other?post=16116"}],"curies":[{"name":"wp","href":"https:\/\/api.w.org\/{rel}","templated":true}]}}