{"id":1611,"date":"2014-10-17T12:26:00","date_gmt":"2014-10-17T10:26:00","guid":{"rendered":"http:\/\/wptestsite.tecnavia.com\/chiesedisicilia_clientsite\/news\/2014\/10\/17\/caltagirone-missioni-il-vescovo-di-bissau-in-visita-in-diocesi\/"},"modified":"2018-11-09T11:00:39","modified_gmt":"2018-01-13T11:00:39","slug":"caltagirone-missioni-il-vescovo-di-bissau-in-visita-in-diocesi","status":"publish","type":"post","link":"https:\/\/www.chiesedisicilia.org\/2014\/10\/17\/caltagirone-missioni-il-vescovo-di-bissau-in-visita-in-diocesi\/","title":{"rendered":"CALTAGIRONE. MISSIONI: IL VESCOVO DI BISSAU IN VISITA IN DIOCESI"},"content":{"rendered":"<p class=\"MsoNormal\" style=\"margin-bottom: 0.0001pt; text-align: justify;\"><span style=\"font-size: medium;\"><span style=\"font-family: 'Times New Roman';\">Si celebra domenica 19 ottobre l\u201988\u00b0 Giornata missionaria mondiale. \u201cPeriferie, cuore della missione\u201d \u00e8 lo slogan scelto da Missio, Organismo pastorale della Conferenza Episcopale Italiana.<\/span><\/span><span style=\"font-size:12.0pt;font-family:\"Times New Roman\",\"serif\";mso-fareast-font-family:\n\"Times New Roman\"\"><o:p><\/o:p><\/span><\/p>\n<p class=\"MsoNormal\" style=\"margin-bottom: 0.0001pt; text-align: justify;\"><span style=\"font-size: medium;\"><span style=\"font-family: 'Times New Roman';\">Nel suo messaggio per l\u2019occasione, il Papa ha sottolineato come la Giornata sia &#8220;anche un momento per ravvivare il desiderio e il dovere morale della partecipazione gioiosa alla missione <em>ad gentes<span style=\"font-style: normal;\">&#8220;<\/span><\/em><em><span style=\"font-style: normal;\">.<\/span><\/em><\/span><\/span><span style=\"font-size:12.0pt;\nfont-family:\"Times New Roman\",\"serif\";mso-fareast-font-family:\"Times New Roman\"\"><o:p><\/o:p><\/span><\/p>\n<p class=\"MsoNormal\" style=\"margin-bottom: 0.0001pt; text-align: justify; background-image: initial; background-attachment: initial; background-size: initial; background-origin: initial; background-clip: initial; background-position: initial; background-repeat: initial;\"><span style=\"font-size: medium;\"><span style=\"font-family: 'Times New Roman';\">Proprio in questa occasione, gioved\u00ec 16 ottobre, a Ramacca, S.E. mons. Jos\u00e8 Camnate, Vescovo di Bissau, \u00e8 stato ospite dell\u2019associazione \u201cAmici delle Missioni Sicilia\u201d, operante da un decennio in Guinea Bissau, e della comunit\u00e0 parrocchiale di San Giuseppe, a Ramacca.<\/span><\/span><span style=\"font-size:12.0pt;font-family:\"Times New Roman\",\"serif\";mso-fareast-font-family:\n\"Times New Roman\"\"><o:p><\/o:p><\/span><\/p>\n<p class=\"MsoNormal\" style=\"margin-bottom: 0.0001pt; text-align: justify; background-image: initial; background-attachment: initial; background-size: initial; background-origin: initial; background-clip: initial; background-position: initial; background-repeat: initial;\"><span style=\"font-size: medium;\"><span style=\"font-family: 'Times New Roman';\">La visita ha visto il pieno coinvolgimento degli alunni delle scuole della cittadina. <\/span><\/span><span style=\"font-size:12.0pt;font-family:\"Times New Roman\",\"serif\";mso-fareast-font-family:\n\"Times New Roman\"\"><o:p><\/o:p><\/span><\/p>\n<p class=\"MsoNormal\" style=\"margin-bottom: 0.0001pt; text-align: justify; background-image: initial; background-attachment: initial; background-size: initial; background-origin: initial; background-clip: initial; background-position: initial; background-repeat: initial;\"><span style=\"font-size: medium;\"><span style=\"font-family: 'Times New Roman';\">&#8220;Abbiamo accolto con grande affetto mons. Camnate &#8211; ha detto il parroco don Renzo Venuti &#8211; come autentico testimone del profondo amore verso i sofferenti&#8221;.<\/span><\/span><span style=\"font-size:12.0pt;font-family:\"Times New Roman\",\"serif\";mso-fareast-font-family:\n\"Times New Roman\"\"><o:p><\/o:p><\/span><\/p>\n<p class=\"MsoNormal\" style=\"margin-bottom: 0.0001pt; text-align: justify; background-image: initial; background-attachment: initial; background-size: initial; background-origin: initial; background-clip: initial; background-position: initial; background-repeat: initial;\"><span style=\"font-size: medium;\"><span style=\"font-family: 'Times New Roman';\">Da anni attiva sul territorio di Ramacca, l\u2019associazione \u201cAmici delle Missioni Sicilia\u201d, guidata dal dr. Enrico Ferro, \u00e8 formata da medici, sanitari, artigiani e uomini e donne di buona volont\u00e0 che, da circa 10 anni, gratuitamente, prestano la loro opera in Guinea Bissau. Grazie all\u2019entusiasmo e al costante impegno dei volontari l\u2019associazione ha realizzato numerose opere nella Guinea Bissau del sud. Tra queste: tre aule scolastiche arredate, due pozzi, un\u2019infermeria e una sala parto a Dungur; il Centro nutrizionale per bambini denutriti, il ripristino dei locali del Liceo e dell\u2019Ospedale statale a Bula; l\u2019ampliamento dei locali e l\u2019arredo scolastico del Liceo statale, la ricostruzione e il ripristino della funzionalit\u00e0 dell\u2019Ospedale dedicato a Carlotta Gamba (in collaborazione con l\u2019associazione veronese \u201cRete Guinea Bissau\u201d) a Tite. Inoltre, sono pi\u00f9 di 100 i bambini sostenuti a distanza dai ramacchesi.<\/span><\/span><span style=\"font-size:12.0pt;font-family:\"Times New Roman\",\"serif\";mso-fareast-font-family:\n\"Times New Roman\"\"><o:p><\/o:p><\/span><\/p>\n<p class=\"MsoNormal\" style=\"margin-bottom: 0.0001pt; text-align: justify;\"><span style=\"font-size: medium;\"><span style=\"font-family: 'Times New Roman';\"><b>Sabato 18 ottobre<\/b>, a partire dalle ore 9.00, presso la Casa Protettorato \u201cSan Giuseppe\u201d delle Suore di Ges\u00f9 Redentore (Caltagirone), si svolger\u00e0 la giornata di spiritualit\u00e0 con i Missionari Servi dei Poveri del Terzo Mondo. A guidare la meditazione sar\u00e0 padre Walter Corsini <i>MSP<\/i>.<\/span><\/span><span style=\"font-size:12.0pt;font-family:\"Times New Roman\",\"serif\";mso-fareast-font-family:\n\"Times New Roman\"\"><o:p><\/o:p><\/span><\/p>\n<p class=\"MsoNormal\" style=\"margin-bottom: 0.0001pt; text-align: justify;\"><span style=\"font-size: medium;\"><span style=\"font-family: 'Times New Roman';\"><b>Domenica 19 ottobre<\/b> suor Olga Rua interverr\u00e0, a Grammichele, alla III Festa dell\u2019oratorio della Parrocchia Spirito Santo, sul tema della Giornata missionaria mondiale.<\/span><\/span><span style=\"font-size:12.0pt;font-family:\"Times New Roman\",\"serif\";mso-fareast-font-family:\n\"Times New Roman\"\"><o:p><\/o:p><\/span><\/p>\n<p class=\"MsoNormal\" style=\"margin-bottom: 0.0001pt; text-align: justify;\"><span style=\"font-size: medium;\"><span style=\"font-family: 'Times New Roman';\"><b>Sabato 25 ottobre<\/b> parteciper\u00e0 ad un incontro missionario con i catechisti della Parrocchia San Michele Arcangelo a San Michele di Ganzaria. [01]<\/span><\/span><span style=\"font-size:12.0pt;font-family:\"Times New Roman\",\"serif\";mso-fareast-font-family:\n\"Times New Roman\"\"><o:p><\/o:p><\/span><\/p>\n","protected":false},"excerpt":{"rendered":"","protected":false},"author":1,"featured_media":0,"comment_status":"open","ping_status":"open","sticky":false,"template":"","format":"standard","meta":[],"categories":[30],"tags":[],"news-destination":[],"news-source":[],"is_homepage":[],"ta_other":[],"_links":{"self":[{"href":"https:\/\/www.chiesedisicilia.org\/chiesedisicilia\/news\/wp-json\/wp\/v2\/posts\/1611"}],"collection":[{"href":"https:\/\/www.chiesedisicilia.org\/chiesedisicilia\/news\/wp-json\/wp\/v2\/posts"}],"about":[{"href":"https:\/\/www.chiesedisicilia.org\/chiesedisicilia\/news\/wp-json\/wp\/v2\/types\/post"}],"author":[{"embeddable":true,"href":"https:\/\/www.chiesedisicilia.org\/chiesedisicilia\/news\/wp-json\/wp\/v2\/users\/1"}],"replies":[{"embeddable":true,"href":"https:\/\/www.chiesedisicilia.org\/chiesedisicilia\/news\/wp-json\/wp\/v2\/comments?post=1611"}],"version-history":[{"count":1,"href":"https:\/\/www.chiesedisicilia.org\/chiesedisicilia\/news\/wp-json\/wp\/v2\/posts\/1611\/revisions"}],"predecessor-version":[{"id":20097,"href":"https:\/\/www.chiesedisicilia.org\/chiesedisicilia\/news\/wp-json\/wp\/v2\/posts\/1611\/revisions\/20097"}],"wp:attachment":[{"href":"https:\/\/www.chiesedisicilia.org\/chiesedisicilia\/news\/wp-json\/wp\/v2\/media?parent=1611"}],"wp:term":[{"taxonomy":"category","embeddable":true,"href":"https:\/\/www.chiesedisicilia.org\/chiesedisicilia\/news\/wp-json\/wp\/v2\/categories?post=1611"},{"taxonomy":"post_tag","embeddable":true,"href":"https:\/\/www.chiesedisicilia.org\/chiesedisicilia\/news\/wp-json\/wp\/v2\/tags?post=1611"},{"taxonomy":"news-destination","embeddable":true,"href":"https:\/\/www.chiesedisicilia.org\/chiesedisicilia\/news\/wp-json\/wp\/v2\/news-destination?post=1611"},{"taxonomy":"news-source","embeddable":true,"href":"https:\/\/www.chiesedisicilia.org\/chiesedisicilia\/news\/wp-json\/wp\/v2\/news-source?post=1611"},{"taxonomy":"is_homepage","embeddable":true,"href":"https:\/\/www.chiesedisicilia.org\/chiesedisicilia\/news\/wp-json\/wp\/v2\/is_homepage?post=1611"},{"taxonomy":"ta_other","embeddable":true,"href":"https:\/\/www.chiesedisicilia.org\/chiesedisicilia\/news\/wp-json\/wp\/v2\/ta_other?post=1611"}],"curies":[{"name":"wp","href":"https:\/\/api.w.org\/{rel}","templated":true}]}}