{"id":1609,"date":"2014-10-16T15:11:00","date_gmt":"2014-10-16T13:11:00","guid":{"rendered":"http:\/\/wptestsite.tecnavia.com\/chiesedisicilia_clientsite\/news\/2014\/10\/16\/caltagirone-giornate-del-clero-primo-incontro-mensile\/"},"modified":"2018-11-09T11:00:39","modified_gmt":"2018-01-13T11:00:39","slug":"caltagirone-giornate-del-clero-primo-incontro-mensile","status":"publish","type":"post","link":"https:\/\/www.chiesedisicilia.org\/2014\/10\/16\/caltagirone-giornate-del-clero-primo-incontro-mensile\/","title":{"rendered":"CALTAGIRONE. GIORNATE DEL CLERO: PRIMO INCONTRO MENSILE"},"content":{"rendered":"<p class=\"MsoNormal\" style=\"margin-bottom:0cm;margin-bottom:.0001pt;text-align:\njustify;text-justify:inter-ideograph;mso-line-height-alt:1.0pt\"><span style=\"font-size: medium;\"><span style=\"font-family: 'Times New Roman';\">Riprendono, con il nuovo anno pastorale, gli incontri mensili delle Giornate del clero.<\/span><\/span><span style=\"font-size:12.0pt;font-family:\"Times New Roman\",\"serif\";mso-fareast-font-family:\n\"Times New Roman\"\"><o:p><\/o:p><\/span><\/p>\n<p class=\"MsoNormal\" style=\"margin-bottom:0cm;margin-bottom:.0001pt;text-align:\njustify;text-justify:inter-ideograph;mso-line-height-alt:1.0pt\"><span style=\"font-size: medium;\"><span style=\"font-family: 'Times New Roman';\">Il primo appuntamento in programma \u00e8 indicato gioved\u00ec 16 ottobre, alle ore 10, presso l\u2019Hotel Villa Sturzo.<\/span><\/span><span style=\"font-size:12.0pt;font-family:\"Times New Roman\",\"serif\";mso-fareast-font-family:\n\"Times New Roman\"\"><o:p><\/o:p><\/span><\/p>\n<p class=\"MsoNormal\" style=\"margin-bottom:0cm;margin-bottom:.0001pt;text-align:\njustify;text-justify:inter-ideograph;mso-line-height-alt:1.0pt\"><span style=\"font-size: medium;\"><span style=\"font-family: 'Times New Roman';\">Mons. Calogero Peri, Vescovo di Caltagirone, detter\u00e0 dapprima la meditazione della giornata. I lavori proseguiranno con le relazioni delle cinque foranie sulla &#8220;<i>Traccia per l\u2019ascolto dei presbiteri<\/i>&#8221; in vista dell\u2019Assemblea Generale straordinaria dei Vescovi italiani che si svolger\u00e0 dal 10 al 13 novembre p.v., e che sar\u00e0 dedicata alla vita e alla formazione permanente dei presbiteri nell\u2019orizzonte di una riforma del clero.<\/span><\/span><span style=\"font-size:12.0pt;font-family:\"Times New Roman\",\"serif\";mso-fareast-font-family:\n\"Times New Roman\"\"><o:p><\/o:p><\/span><\/p>\n<p class=\"MsoNormal\" style=\"margin-bottom:0cm;margin-bottom:.0001pt;text-align:\njustify;text-justify:inter-ideograph;mso-line-height-alt:1.0pt\"><span style=\"font-size: medium;\"><span style=\"font-family: 'Times New Roman';\">&#8220;La Chiesa italiana ha avviato un percorso di discernimento per aiutare il sacerdote a una pi\u00f9 evidente fedelt\u00e0 alla missione affidata alla Chiesa e a una pi\u00f9 pertinente risposta alle provocazioni di questo tempo &#8211; spiega mons. Peri -. La riflessione parte dalla <i>Traccia per l\u2019ascolto dei presbiteri<\/i> sulla quale anche il nostro Presbiterio diocesano si \u00e8 concentrato con attenzione. La Cei indica l\u2019orizzonte di una riforma del clero che sorregga e sia sorretta da una forte tensione missionaria per l\u2019evangelizzazione&#8221;. <\/span><\/span><span style=\"font-size:12.0pt;font-family:\"Times New Roman\",\"serif\";mso-fareast-font-family:\n\"Times New Roman\"\"><o:p><\/o:p><\/span><\/p>\n<p class=\"MsoNormal\" style=\"margin-bottom:0cm;margin-bottom:.0001pt;text-align:\njustify;text-justify:inter-ideograph;mso-line-height-alt:1.0pt\"><span style=\"font-size: medium;\"><span style=\"font-family: 'Times New Roman';\">L\u2019incontro si concluder\u00e0 con l\u2019agape fraterna. [01]<\/span><\/span><span style=\"font-size:12.0pt;font-family:\"Times New Roman\",\"serif\";mso-fareast-font-family:\n\"Times New Roman\"\"><o:p><\/o:p><\/span><\/p>\n","protected":false},"excerpt":{"rendered":"","protected":false},"author":1,"featured_media":0,"comment_status":"open","ping_status":"open","sticky":false,"template":"","format":"standard","meta":[],"categories":[30],"tags":[],"news-destination":[],"news-source":[],"is_homepage":[],"ta_other":[],"_links":{"self":[{"href":"https:\/\/www.chiesedisicilia.org\/chiesedisicilia\/news\/wp-json\/wp\/v2\/posts\/1609"}],"collection":[{"href":"https:\/\/www.chiesedisicilia.org\/chiesedisicilia\/news\/wp-json\/wp\/v2\/posts"}],"about":[{"href":"https:\/\/www.chiesedisicilia.org\/chiesedisicilia\/news\/wp-json\/wp\/v2\/types\/post"}],"author":[{"embeddable":true,"href":"https:\/\/www.chiesedisicilia.org\/chiesedisicilia\/news\/wp-json\/wp\/v2\/users\/1"}],"replies":[{"embeddable":true,"href":"https:\/\/www.chiesedisicilia.org\/chiesedisicilia\/news\/wp-json\/wp\/v2\/comments?post=1609"}],"version-history":[{"count":1,"href":"https:\/\/www.chiesedisicilia.org\/chiesedisicilia\/news\/wp-json\/wp\/v2\/posts\/1609\/revisions"}],"predecessor-version":[{"id":20093,"href":"https:\/\/www.chiesedisicilia.org\/chiesedisicilia\/news\/wp-json\/wp\/v2\/posts\/1609\/revisions\/20093"}],"wp:attachment":[{"href":"https:\/\/www.chiesedisicilia.org\/chiesedisicilia\/news\/wp-json\/wp\/v2\/media?parent=1609"}],"wp:term":[{"taxonomy":"category","embeddable":true,"href":"https:\/\/www.chiesedisicilia.org\/chiesedisicilia\/news\/wp-json\/wp\/v2\/categories?post=1609"},{"taxonomy":"post_tag","embeddable":true,"href":"https:\/\/www.chiesedisicilia.org\/chiesedisicilia\/news\/wp-json\/wp\/v2\/tags?post=1609"},{"taxonomy":"news-destination","embeddable":true,"href":"https:\/\/www.chiesedisicilia.org\/chiesedisicilia\/news\/wp-json\/wp\/v2\/news-destination?post=1609"},{"taxonomy":"news-source","embeddable":true,"href":"https:\/\/www.chiesedisicilia.org\/chiesedisicilia\/news\/wp-json\/wp\/v2\/news-source?post=1609"},{"taxonomy":"is_homepage","embeddable":true,"href":"https:\/\/www.chiesedisicilia.org\/chiesedisicilia\/news\/wp-json\/wp\/v2\/is_homepage?post=1609"},{"taxonomy":"ta_other","embeddable":true,"href":"https:\/\/www.chiesedisicilia.org\/chiesedisicilia\/news\/wp-json\/wp\/v2\/ta_other?post=1609"}],"curies":[{"name":"wp","href":"https:\/\/api.w.org\/{rel}","templated":true}]}}