{"id":1607,"date":"2014-10-16T13:43:00","date_gmt":"2014-10-16T11:43:00","guid":{"rendered":"http:\/\/wptestsite.tecnavia.com\/chiesedisicilia_clientsite\/news\/2014\/10\/16\/caltagirone-missione-popolare-cittadina-animata-dai-padri-domenicani\/"},"modified":"2018-11-09T11:00:39","modified_gmt":"2018-01-13T11:00:39","slug":"caltagirone-missione-popolare-cittadina-animata-dai-padri-domenicani","status":"publish","type":"post","link":"https:\/\/www.chiesedisicilia.org\/2014\/10\/16\/caltagirone-missione-popolare-cittadina-animata-dai-padri-domenicani\/","title":{"rendered":"CALTAGIRONE. MISSIONE POPOLARE CITTADINA ANIMATA DAI PADRI DOMENICANI"},"content":{"rendered":"<div><span style=\"font-family: 'Times New Roman';\"><span style=\"font-size: medium;\">Da gioved\u00ec 16 a domenica 26 ottobre sar\u00e0 celebrata la missione popolare cittadina, animata dai Padri domenicani. &#8220;I figli e le figlie di San Domenico &#8211; affermano i parroci, don Giuseppe Luparello e p. Pietro Iacono <i>ofm cap<\/i> &#8211; ci aiuteranno a riflettere sulla nostra fede, con la speranza che ci spronino anche a farne una fruttuosa verifica. Saranno con noi tre frati e tre suore dell\u2019Ordine domenicano, padre Giovanni, padre Renato, padre Gaetano, suor Dalia, suor Rudy e suor Teresa&#8221;. <\/span><\/span><span style=\"font-size:12.0pt;font-family:\" times=\"\" new=\"\"><o:p><\/o:p><\/span><\/div>\n<div><span style=\"font-family: 'Times New Roman';\"><span style=\"font-size: medium;\">Lo slogan scelto per la missione \u00e8 \u201cIncontriamo e annunciamo Ges\u00f9\u201d.<\/span><\/span><span style=\"font-size:12.0pt;font-family:\" times=\"\" new=\"\"><o:p><\/o:p><\/span><\/div>\n<div><span style=\"font-family: 'Times New Roman';\"><span style=\"font-size: medium;\">&#8220;Siamo consapevoli &#8211; continuano i parroci &#8211; che non si pu\u00f2 essere autentici testimoni di Ges\u00f9 Cristo senza averlo prima incontrato davvero nella propria vita. Abbiamo voluto fortemente questa missione proprio per favorire l\u2019incontro di grazia con Lui, obiettivo a cui deve tendere tutta la nostra vita cristiana&#8221;.<\/span><\/span><span style=\"font-size:12.0pt;font-family:\" times=\"\" new=\"\"><o:p><\/o:p><\/span><\/div>\n<div><span style=\"font-family: 'Times New Roman';\"><span style=\"font-size: medium;\">La comunit\u00e0 ecclesiale accoglier\u00e0 i missionari il 16 ottobre, alla Matrice. Alle ore 18.30, don Gianni Zavattieri, vicario generale, presieder\u00e0 la Celebrazione eucaristica, durante la quale conferir\u00e0 il mandato ai missionari, con la consegna del Crocifisso e della Bibbia.<\/span><\/span><span style=\"font-size:12.0pt;font-family:\" times=\"\" new=\"\"><o:p><\/o:p><\/span><\/div>\n<div><span style=\"font-family: 'Times New Roman';\"><span style=\"font-size: medium;\">Sono diversi i momenti in programma dedicati ai giovani, ai ragazzi, ai fidanzati, ai catechisti, al volontariato, agli operatori pastorali, alle famiglie. <\/span><\/span><span style=\"font-size:12.0pt;font-family:\" times=\"\" new=\"\"><o:p><\/o:p><\/span><\/div>\n<div><span style=\"font-family: 'Times New Roman';\"><span style=\"font-size: medium;\">Mercoled\u00ec 22 ottobre, alle ore 16.30, presso il Palazzo municipale, previsto anche l\u2019incontro con gli amministratori e i dipendenti comunali.<\/span><\/span><span style=\"font-size:12.0pt;font-family:\" times=\"\" new=\"\"><o:p><\/o:p><\/span><\/div>\n<div><span style=\"font-family: 'Times New Roman';\"><span style=\"font-size: medium;\">Dalle 9.45 alle 11.45, nei giorni della missione, i frati e le suore di San Domenico faranno visita alle famiglie, agli ammalati, alle persone che ne faranno richiesta.<\/span><\/span><span style=\"font-size:12.0pt;font-family:\" times=\"\" new=\"\"><o:p><\/o:p><\/span><\/div>\n<div><span style=\"font-family: 'Times New Roman';\"><span style=\"font-size: medium;\">Fra i momenti liturgici si segnalano:<\/span><\/span><span style=\"font-size:12.0pt;font-family:\" times=\"\" new=\"\"><o:p><\/o:p><\/span><\/div>\n<div><span style=\"font-family: 'Times New Roman';\"><span style=\"font-size: medium;\">luned\u00ec 20 ottobre, alle 16.30, la Santa Messa, presso il Cimitero;<\/span><\/span><span style=\"font-size:12.0pt;font-family:\" times=\"\" new=\"\"><o:p><\/o:p><\/span><\/div>\n<div><span style=\"font-family: 'Times New Roman';\"><span style=\"font-size: medium;\">gioved\u00ec 23 ottobre, alle ore 20.00, la Liturgia penitenziale, alla Matrice;<\/span><\/span><span style=\"font-size:12.0pt;font-family:\" times=\"\" new=\"\"><o:p><\/o:p><\/span><\/div>\n<div><span style=\"font-family: 'Times New Roman';\"><span style=\"font-size: medium;\">venerd\u00ec 24 ottobre, alle ore 20.00, la Via Crucis, dalla Chiesa di Santa Lucia ai Cappuccini.<\/span><\/span><span style=\"font-size:12.0pt;font-family:\" times=\"\" new=\"\"><o:p><\/o:p><\/span><\/div>\n<div><span style=\"font-family: 'Times New Roman';\"><span style=\"font-size: medium;\">Fra i momenti pi\u00f9 attesi, inoltre, la Festa delle e con le famiglie, in programma per sabato 25 ottobre, alle ore 20.00, alla Badia. <\/span><\/span><\/div>\n<div><span style=\"font-family: 'Times New Roman';\"><span style=\"font-size: medium;\"><span times=\"\" new=\"\">La missione popolare cittadina si concluder\u00e0 domenica 26 ottobre, alle ore 18.30, con la Santa Messa celebrata alla Chiesa Matrice.\u00a0<\/span><\/span><\/span><\/div>\n<div><span style=\"font-family: 'Times New Roman';\"><span style=\"font-size: medium;\"><span style=\"text-align: justify;\">Il programma della missione popolare \u00e8 consultabile sul sito www.diocesidicaltagirone.it.<\/span>[01]<\/span><\/span><span style=\"font-size:12.0pt;font-family:\" times=\"\" new=\"\"><o:p><\/o:p><\/span><\/div>\n","protected":false},"excerpt":{"rendered":"","protected":false},"author":1,"featured_media":0,"comment_status":"open","ping_status":"open","sticky":false,"template":"","format":"standard","meta":[],"categories":[30],"tags":[],"news-destination":[],"news-source":[],"is_homepage":[],"ta_other":[],"_links":{"self":[{"href":"https:\/\/www.chiesedisicilia.org\/chiesedisicilia\/news\/wp-json\/wp\/v2\/posts\/1607"}],"collection":[{"href":"https:\/\/www.chiesedisicilia.org\/chiesedisicilia\/news\/wp-json\/wp\/v2\/posts"}],"about":[{"href":"https:\/\/www.chiesedisicilia.org\/chiesedisicilia\/news\/wp-json\/wp\/v2\/types\/post"}],"author":[{"embeddable":true,"href":"https:\/\/www.chiesedisicilia.org\/chiesedisicilia\/news\/wp-json\/wp\/v2\/users\/1"}],"replies":[{"embeddable":true,"href":"https:\/\/www.chiesedisicilia.org\/chiesedisicilia\/news\/wp-json\/wp\/v2\/comments?post=1607"}],"version-history":[{"count":1,"href":"https:\/\/www.chiesedisicilia.org\/chiesedisicilia\/news\/wp-json\/wp\/v2\/posts\/1607\/revisions"}],"predecessor-version":[{"id":20091,"href":"https:\/\/www.chiesedisicilia.org\/chiesedisicilia\/news\/wp-json\/wp\/v2\/posts\/1607\/revisions\/20091"}],"wp:attachment":[{"href":"https:\/\/www.chiesedisicilia.org\/chiesedisicilia\/news\/wp-json\/wp\/v2\/media?parent=1607"}],"wp:term":[{"taxonomy":"category","embeddable":true,"href":"https:\/\/www.chiesedisicilia.org\/chiesedisicilia\/news\/wp-json\/wp\/v2\/categories?post=1607"},{"taxonomy":"post_tag","embeddable":true,"href":"https:\/\/www.chiesedisicilia.org\/chiesedisicilia\/news\/wp-json\/wp\/v2\/tags?post=1607"},{"taxonomy":"news-destination","embeddable":true,"href":"https:\/\/www.chiesedisicilia.org\/chiesedisicilia\/news\/wp-json\/wp\/v2\/news-destination?post=1607"},{"taxonomy":"news-source","embeddable":true,"href":"https:\/\/www.chiesedisicilia.org\/chiesedisicilia\/news\/wp-json\/wp\/v2\/news-source?post=1607"},{"taxonomy":"is_homepage","embeddable":true,"href":"https:\/\/www.chiesedisicilia.org\/chiesedisicilia\/news\/wp-json\/wp\/v2\/is_homepage?post=1607"},{"taxonomy":"ta_other","embeddable":true,"href":"https:\/\/www.chiesedisicilia.org\/chiesedisicilia\/news\/wp-json\/wp\/v2\/ta_other?post=1607"}],"curies":[{"name":"wp","href":"https:\/\/api.w.org\/{rel}","templated":true}]}}