{"id":1606,"date":"2014-10-16T13:02:00","date_gmt":"2014-10-16T11:02:00","guid":{"rendered":"http:\/\/wptestsite.tecnavia.com\/chiesedisicilia_clientsite\/news\/2014\/10\/16\/caltagirone-corso-di-aggiornamento-per-insegnanti-di-religione-cattolica\/"},"modified":"2018-11-09T11:00:39","modified_gmt":"2018-01-13T11:00:39","slug":"caltagirone-corso-di-aggiornamento-per-insegnanti-di-religione-cattolica","status":"publish","type":"post","link":"https:\/\/www.chiesedisicilia.org\/2014\/10\/16\/caltagirone-corso-di-aggiornamento-per-insegnanti-di-religione-cattolica\/","title":{"rendered":"CALTAGIRONE. CORSO DI AGGIORNAMENTO PER INSEGNANTI DI RELIGIONE CATTOLICA"},"content":{"rendered":"<p class=\"MsoNoSpacing\"><span style=\"font-size: medium;\"><span style=\"font-family: 'Times New Roman';\">Si svolge gioved\u00ec 16 ottobre, alle ore 15.30, presso l\u2019Hotel Villa Sturzo, il secondo modulo del Corso di aggiornamento per insegnanti di religione cattolica, organizzato dall\u2019Ufficio diocesano per l\u2019Insegnamento della religione cattolica (Irc) e la Pastorale scolastica. &#8220;Il tema che stiamo affrontando quest\u2019anno \u00e8 di grande attualit\u00e0 &#8211; afferma Vincenza Ilardi, direttore dell\u2019Ufficio &#8211; e riguarda la crisi dell\u2019educazione che \u00e8 anche, e forse di pi\u00f9, una crisi di fiducia nella vita, una carenza di speranza, una incapacit\u00e0 di educare e formare la persona umana all\u2019umanizzazione&#8221;. Il Corso, introdotto lo scorso 1 ottobre presso l\u2019Hotel Villa Sturzo, \u00e8 guidato da Francesco Pignataro, dirigente scolastico dell\u2019IC \u201cAlessio Narbone\u201d (Caltagirone).<\/span><\/span><span style=\"font-size:12.0pt;font-family:\"Times New Roman\",\"serif\";\nmso-fareast-font-family:\"Times New Roman\";mso-bidi-font-weight:bold;mso-bidi-font-style:\nitalic\"><o:p><\/o:p><\/span><\/p>\n<p class=\"MsoNoSpacing\"><span style=\"font-size: medium;\"><span style=\"font-family: 'Times New Roman';\">All\u2019inaugurazione era presente il vicario generale don Gianni Zavattieri.<\/span><\/span><span style=\"font-size:12.0pt;font-family:\"Times New Roman\",\"serif\";\nmso-fareast-font-family:\"Times New Roman\";mso-bidi-font-weight:bold;mso-bidi-font-style:\nitalic\"><o:p><\/o:p><\/span><\/p>\n<p class=\"MsoNoSpacing\"><span style=\"font-size: medium;\"><span style=\"font-family: 'Times New Roman';\">&#8220;La domanda di un\u2019educazione improntata su cammini di umanizzazione, non pu\u00f2 lasciare indifferenti gli insegnanti di religione che, nella loro vocazione professionale sono a contatto quotidianamente col mondo dei bambini, dei ragazzi e dei giovani di tutto il territorio diocesano &#8211; aggiunge Ilardi -. Per questo abbiamo desiderato ardentemente intraprendere questo cammino formativo, che avr\u00e0 numerosi risvolti pratici, con l\u2019obiettivo di creare (fra di noi) e di diffondere una cultura dell\u2019incontro che sappia dare risposte e soprattutto speranza alle giovani generazioni&#8221;.<\/span><\/span><span style=\"font-size:12.0pt;font-family:\"Times New Roman\",\"serif\";\nmso-fareast-font-family:\"Times New Roman\"\"><o:p><\/o:p><\/span><\/p>\n<p class=\"MsoNoSpacing\"><span style=\"font-size: medium;\"><span style=\"font-family: 'Times New Roman';\">L\u2019ultimo modulo del Corso in calendario \u00e8 segnato mercoled\u00ec 3 dicembre.<\/span><\/span><span style=\"font-size:12.0pt;font-family:\"Times New Roman\",\"serif\";\nmso-fareast-font-family:\"Times New Roman\"\"><o:p><\/o:p><\/span><\/p>\n<p class=\"MsoNoSpacing\"><span style=\"font-size: medium;\"><span style=\"font-family: 'Times New Roman';\">Previsto anche un incontro di formazione spirituale, sotto la guida di mons. Calogero Peri, Vescovo di Caltagirone, in programma mercoled\u00ec 26 novembre, alle ore 18.00, presso il Mausoleo Sturzo (Chiesa SS.mo Salvatore) in occasione del 143\u00b0 anniversario della nascita del Servo di Dio don Luigi Sturzo.<\/span><\/span><span style=\"font-size:12.0pt;font-family:\"Times New Roman\",\"serif\";\nmso-fareast-font-family:\"Times New Roman\"\"><i><o:p><\/o:p><\/i><\/span><\/p>\n<p class=\"MsoNoSpacing\"><span style=\"font-size: medium;\"><span style=\"font-family: 'Times New Roman';\">Altri incontri periodici di formazione saranno programmati nel corso dell\u2019anno, nei mesi di marzo e maggio, durante i quali i docenti presenteranno i lavori svolti con i propri studenti. [01]<\/span><\/span><span style=\"font-size:12.0pt;font-family:\"Times New Roman\",\"serif\";\nmso-fareast-font-family:\"Times New Roman\"\"><i><o:p><\/o:p><\/i><\/span><\/p>\n","protected":false},"excerpt":{"rendered":"","protected":false},"author":1,"featured_media":0,"comment_status":"open","ping_status":"open","sticky":false,"template":"","format":"standard","meta":[],"categories":[30],"tags":[],"news-destination":[],"news-source":[],"is_homepage":[],"ta_other":[],"_links":{"self":[{"href":"https:\/\/www.chiesedisicilia.org\/chiesedisicilia\/news\/wp-json\/wp\/v2\/posts\/1606"}],"collection":[{"href":"https:\/\/www.chiesedisicilia.org\/chiesedisicilia\/news\/wp-json\/wp\/v2\/posts"}],"about":[{"href":"https:\/\/www.chiesedisicilia.org\/chiesedisicilia\/news\/wp-json\/wp\/v2\/types\/post"}],"author":[{"embeddable":true,"href":"https:\/\/www.chiesedisicilia.org\/chiesedisicilia\/news\/wp-json\/wp\/v2\/users\/1"}],"replies":[{"embeddable":true,"href":"https:\/\/www.chiesedisicilia.org\/chiesedisicilia\/news\/wp-json\/wp\/v2\/comments?post=1606"}],"version-history":[{"count":1,"href":"https:\/\/www.chiesedisicilia.org\/chiesedisicilia\/news\/wp-json\/wp\/v2\/posts\/1606\/revisions"}],"predecessor-version":[{"id":20092,"href":"https:\/\/www.chiesedisicilia.org\/chiesedisicilia\/news\/wp-json\/wp\/v2\/posts\/1606\/revisions\/20092"}],"wp:attachment":[{"href":"https:\/\/www.chiesedisicilia.org\/chiesedisicilia\/news\/wp-json\/wp\/v2\/media?parent=1606"}],"wp:term":[{"taxonomy":"category","embeddable":true,"href":"https:\/\/www.chiesedisicilia.org\/chiesedisicilia\/news\/wp-json\/wp\/v2\/categories?post=1606"},{"taxonomy":"post_tag","embeddable":true,"href":"https:\/\/www.chiesedisicilia.org\/chiesedisicilia\/news\/wp-json\/wp\/v2\/tags?post=1606"},{"taxonomy":"news-destination","embeddable":true,"href":"https:\/\/www.chiesedisicilia.org\/chiesedisicilia\/news\/wp-json\/wp\/v2\/news-destination?post=1606"},{"taxonomy":"news-source","embeddable":true,"href":"https:\/\/www.chiesedisicilia.org\/chiesedisicilia\/news\/wp-json\/wp\/v2\/news-source?post=1606"},{"taxonomy":"is_homepage","embeddable":true,"href":"https:\/\/www.chiesedisicilia.org\/chiesedisicilia\/news\/wp-json\/wp\/v2\/is_homepage?post=1606"},{"taxonomy":"ta_other","embeddable":true,"href":"https:\/\/www.chiesedisicilia.org\/chiesedisicilia\/news\/wp-json\/wp\/v2\/ta_other?post=1606"}],"curies":[{"name":"wp","href":"https:\/\/api.w.org\/{rel}","templated":true}]}}