{"id":16032,"date":"2023-01-14T17:08:53","date_gmt":"2023-01-14T16:08:53","guid":{"rendered":"http:\/\/www-chiesedisicilia-org-euwp*.sitenm.com\/?p=16032"},"modified":"2023-01-14T17:20:54","modified_gmt":"2022-03-20T17:20:54","slug":"leconomia-civile-per-partecipare-al-rinnovamento-del-nostro-paese-mons-renna-al-primo-incontro-di-formazione-politica","status":"publish","type":"post","link":"https:\/\/www.chiesedisicilia.org\/2023\/01\/14\/leconomia-civile-per-partecipare-al-rinnovamento-del-nostro-paese-mons-renna-al-primo-incontro-di-formazione-politica\/","title":{"rendered":"L&#8217;ECONOMIA CIVILE &#8220;PER PARTECIPARE AL RINNOVAMENTO DEL NOSTRO PAESE&#8221;: MONS. RENNA AL PRIMO INCONTRO DI FORMAZIONE POLITICA"},"content":{"rendered":"<p>&#8220;<em>Credo che le scuole di formazione debbano ogni anno modulare i loro percorsi e le tematiche che affrontano stando un po\u2019 sul pezzo, sul momento e credo che il tema dell&#8217;economia civile che guarda a uno sviluppo integrale e che come dice il documento della Chiesa \u201cla Caritas in veritate\u201d vuole civilizzare l&#8217;economia, cio\u00e8 vuole far s\u00ec che essa inglobi in s\u00e9 l&#8217;attenzione a ci\u00f2 che non pu\u00f2 diventare merce come alcuni bisogni dell&#8217;uomo e alcuni beni che non sono divisibili come l\u2019istruzione, come la salute<\/em>&#8220;. Lo ha detto <strong>mons. Luigi Renna, arcivescovo di Catania<\/strong> e presidente della Commissione per i Problemi sociali e il Lavoro, la Giustizia e la Pace della Conferenza episcopale italiana, aprendo ieri la\u00a0nona edizione del corso di formazione all\u2019impegno sociale e politico organizzato dall&#8217;Ufficio diocesano di Pastorale sociale di Caltagirone.<\/p>\n<p>A introdurre l\u2019incontro, dedicato al tema dell&#8217;economia civile, \u00e8 stato il <strong>vescovo della diocesi, mons. Calogero Peri<\/strong>, che ha sottolineato &#8220;<em>l\u2019importanza della formazione in un tempo complesso ma desideroso di ricevere speranza<\/em>&#8220;.<\/p>\n<p>Rispondendo &#8220;<em>in una chiave di lettura e di speranza<\/em>&#8221; alla sollecitazione presentata dal <strong>direttore diocesano, don Tino Zappulla<\/strong>, su &#8220;<em>quanto sia realistico in un mondo che vede l\u2019economia come basata solo sul profitto e spesso l\u2019uomo come un mero ingranaggio del sistema<\/em>&#8220;, mons. Renna ha evidenziato che &#8220;<em>un&#8217;economia che viene civilizzata &#8211; nella misura in cui \u00e8 attenta alla sostenibilit\u00e0 e quindi al futuro &#8211; \u00e8 un tema che dovrebbe diventare sempre di pi\u00f9 di dominio pubblico, non per accrescere semplicemente una cultura personale ma per permetterci di partecipare al rinnovamento del nostro paese in uno stile democratico<\/em>\u201d.<\/p>\n<p>Il secondo appuntamento \u00e8 in programma gioved\u00ec 26 gennaio: la professoressa Cristina Navarra e l&#8217;imprenditore Nico Parrinello parleranno di &#8220;Agenda 2030 per lo sviluppo sostenibile&#8221; presentando sia &#8220;la sfida globale&#8221; che essa rappresenta, sia le esperienze locali.<\/p>\n","protected":false},"excerpt":{"rendered":"","protected":false},"author":4,"featured_media":16031,"comment_status":"closed","ping_status":"closed","sticky":false,"template":"","format":"standard","meta":[],"categories":[30],"tags":[],"news-destination":[],"news-source":[],"is_homepage":[],"ta_other":[],"_links":{"self":[{"href":"https:\/\/www.chiesedisicilia.org\/chiesedisicilia\/news\/wp-json\/wp\/v2\/posts\/16032"}],"collection":[{"href":"https:\/\/www.chiesedisicilia.org\/chiesedisicilia\/news\/wp-json\/wp\/v2\/posts"}],"about":[{"href":"https:\/\/www.chiesedisicilia.org\/chiesedisicilia\/news\/wp-json\/wp\/v2\/types\/post"}],"author":[{"embeddable":true,"href":"https:\/\/www.chiesedisicilia.org\/chiesedisicilia\/news\/wp-json\/wp\/v2\/users\/4"}],"replies":[{"embeddable":true,"href":"https:\/\/www.chiesedisicilia.org\/chiesedisicilia\/news\/wp-json\/wp\/v2\/comments?post=16032"}],"version-history":[{"count":1,"href":"https:\/\/www.chiesedisicilia.org\/chiesedisicilia\/news\/wp-json\/wp\/v2\/posts\/16032\/revisions"}],"predecessor-version":[{"id":16033,"href":"https:\/\/www.chiesedisicilia.org\/chiesedisicilia\/news\/wp-json\/wp\/v2\/posts\/16032\/revisions\/16033"}],"wp:featuredmedia":[{"embeddable":true,"href":"https:\/\/www.chiesedisicilia.org\/chiesedisicilia\/news\/wp-json\/wp\/v2\/media\/16031"}],"wp:attachment":[{"href":"https:\/\/www.chiesedisicilia.org\/chiesedisicilia\/news\/wp-json\/wp\/v2\/media?parent=16032"}],"wp:term":[{"taxonomy":"category","embeddable":true,"href":"https:\/\/www.chiesedisicilia.org\/chiesedisicilia\/news\/wp-json\/wp\/v2\/categories?post=16032"},{"taxonomy":"post_tag","embeddable":true,"href":"https:\/\/www.chiesedisicilia.org\/chiesedisicilia\/news\/wp-json\/wp\/v2\/tags?post=16032"},{"taxonomy":"news-destination","embeddable":true,"href":"https:\/\/www.chiesedisicilia.org\/chiesedisicilia\/news\/wp-json\/wp\/v2\/news-destination?post=16032"},{"taxonomy":"news-source","embeddable":true,"href":"https:\/\/www.chiesedisicilia.org\/chiesedisicilia\/news\/wp-json\/wp\/v2\/news-source?post=16032"},{"taxonomy":"is_homepage","embeddable":true,"href":"https:\/\/www.chiesedisicilia.org\/chiesedisicilia\/news\/wp-json\/wp\/v2\/is_homepage?post=16032"},{"taxonomy":"ta_other","embeddable":true,"href":"https:\/\/www.chiesedisicilia.org\/chiesedisicilia\/news\/wp-json\/wp\/v2\/ta_other?post=16032"}],"curies":[{"name":"wp","href":"https:\/\/api.w.org\/{rel}","templated":true}]}}