{"id":1601,"date":"2014-09-26T08:49:00","date_gmt":"2014-09-26T06:49:00","guid":{"rendered":"http:\/\/wptestsite.tecnavia.com\/chiesedisicilia_clientsite\/news\/2014\/09\/26\/caltagirone-scuola-teologica-una-scommessa\/"},"modified":"2018-11-09T11:00:38","modified_gmt":"2018-01-13T11:00:38","slug":"caltagirone-scuola-teologica-una-scommessa","status":"publish","type":"post","link":"https:\/\/www.chiesedisicilia.org\/2014\/09\/26\/caltagirone-scuola-teologica-una-scommessa\/","title":{"rendered":"CALTAGIRONE. SCUOLA TEOLOGICA: &#8220;UNA SCOMMESSA&#8221;"},"content":{"rendered":"<p class=\"MsoNoSpacing\"><span style=\"font-size: medium;\"><span style=\"font-family: 'Times New Roman';\"><span style=\"background: rgb(250, 249, 249);\">Riapre la Scuola Teologica di Base \u201cI. Marcin\u00f2\u201d (Stb).\u00a0<\/span><span style=\"background: rgb(250, 249, 249);\">Le lezioni avranno inizio luned\u00ec 13 ottobre, alle ore 18.30, nei quattro centri (Caltagirone, Grammichele, Ramacca, Scordia), precedute da un momento di preghiera.<\/span><br \/> <span style=\"background: rgb(250, 249, 249);\">In programma nel mese di novembre anche un incontro unitario di inaugurazione dell\u2019anno di formazione.<\/span><br \/> <span style=\"background: rgb(250, 249, 249);\">&#8220;L\u2019avvio del nuovo anno pastorale \u2013 afferma don Gianni Zavattieri, vicario generale e direttore della Stb \u2013 ripropone l\u2019urgenza di intensificare l\u2019impegno formativo per quanti, nelle varie modalit\u00e0 ministeriali, concorrono a edificare e servire questa porzione di popolo di Dio, che \u00e8 in Caltagirone, per renderla pi\u00f9 attenta e pronta a percepire i segni dei tempi e scommettersi in modo sempre rinnovato alla causa del Vangelo&#8221;.<\/span><br \/> <span style=\"background: rgb(250, 249, 249);\">La Scuola teologica di base, promossa ed istituita nel 2011 da mons. Calogero Peri, Vescovo di Caltagirone, \u00e8 un servizio pastorale diocesano, destinato a laici e religiosi che desiderano approfondire e maturare la propria fede con metodologia scientifica, in conformit\u00e0 alle direttive della Conferenza Episcopale Italiana.<\/span><br \/> <span style=\"background: rgb(250, 249, 249);\">&#8220;\u00c8 desiderio del Vescovo \u2013 continua il vicario generale \u2013 valorizzare fortemente questa offerta formativa: \u00e8 una scommessa che deve trovarci concordi e capaci di andare oltre, nel segno del Cristo, che si offre a noi come fratello e Salvatore che non delude mai&#8221;.<\/span><br \/> <span style=\"background: rgb(250, 249, 249);\">La Scuola organizza corsi triennali di studi teologici, articolati in due semestri, per un totale di circa 100 ore per anno. Le lezioni si svolgono ogni luned\u00ec, dalle ore 18.30, alle ore 20.40. Previste anche una serie di attivit\u00e0 per la formazione permanente che vedono il coinvolgimento, come docenti, di sacerdoti, religiosi e soprattutto laici.<\/span><br \/> <span style=\"background: rgb(250, 249, 249);\">Cos\u00ec come l\u2019anno scorso, anche in quest\u2019anno pastorale, fra le attivit\u00e0 programmate dalla Stb si segnala il<span class=\"apple-converted-space\">\u00a0<\/span><\/span><\/span><\/span><span style=\"font-size:12.0pt;\nfont-family:\"Times New Roman\",\"serif\"\"><span style=\"font-size: medium;\"><a href=\"http:\/\/www.diocesidicaltagirone.it\/13565\/\"><span style=\"font-family: 'Times New Roman';\"><span style=\"background: rgb(250, 249, 249);\">Corso di formazione per animatori parrocchiali delle comunicazioni sociali<\/span><\/span><\/a><span style=\"font-family: 'Times New Roman';\"><span style=\"background: rgb(250, 249, 249);\">, organizzato in sinergia con l\u2019Ufficio diocesano per le Comunicazioni sociali, nei giorni 10, 17 e 24 ottobre.<\/span><br \/> <span style=\"background: rgb(250, 249, 249);\">&#8220;La Stb si fa strumento prezioso, da molti gi\u00e0 sperimentato ed apprezzato \u2013 conclude don Zavattieri -, che offre ad altri l\u2019opportunit\u00e0 di qualificare la qualit\u00e0 della propria vita di fede e della propria testimonianza, concorrendo in tal modo a fare del nostro \u201cessere Chiesa qui oggi\u201d un dono credibile per la crescita piena e totale dell\u2019uomo di questo tempo difficile e complesso. Il Concilio ci esorta a condividerne le gioie e le speranze, le angosce e le attese, facendosene carico quotidianamente&#8221;.<\/span><br \/> <span style=\"background: rgb(250, 249, 249);\">Alla fine del primo triennio di attivit\u00e0 sono stati circa 150 gli alunni che hanno completato il corso di studi. A loro sar\u00e0 rilasciato un attestato, riconosciuto come unico in tutta la Diocesi, valido anche per l\u2019accesso ai percorsi dei ministeri ecclesiali promossi dagli Uffici pastorali diocesani.<\/span><br \/> <span style=\"background: rgb(250, 249, 249);\">La segreteria generale della Scuola ha sede presso l\u2019Istituto di Scienze religiose \u201cI. Marcin\u00f2\u201d, in via Vittorio Emanuele, 71 a Caltagirone.<\/span><br \/> <span style=\"background: rgb(250, 249, 249);\">Per le iscrizioni o per ulteriori informazioni \u00e8 possibile consultare il sito<span class=\"apple-converted-space\">\u00a0<\/span><\/span><\/span><\/span><span style=\"font-size: medium;\"><a href=\"http:\/\/www.itimarcino.it\/\"><span style=\"font-family: 'Times New Roman';\"><span style=\"background: rgb(250, 249, 249);\">www.itimarcino.it<\/span><\/span><\/a><span style=\"font-family: 'Times New Roman';\"><span style=\"background: rgb(250, 249, 249);\">, oppure contattare la segreteria all\u2019indirizzo e-mail:<span class=\"apple-converted-space\">\u00a0<\/span><\/span><\/span><\/span><span style=\"font-size: medium;\"><a href=\"mailto:scuolateologica@itimarcino.it\"><span style=\"font-family: 'Times New Roman';\"><span style=\"background: rgb(250, 249, 249);\">scuolateologica@itimarcino.it<\/span><\/span><\/a><span style=\"font-family: 'Times New Roman';\"><span style=\"background: rgb(250, 249, 249);\">. [01]<\/span><\/span><\/span><span style=\"background:#FAF9F9\"><o:p><\/o:p><\/span><\/span><\/p>\n","protected":false},"excerpt":{"rendered":"","protected":false},"author":1,"featured_media":0,"comment_status":"open","ping_status":"open","sticky":false,"template":"","format":"standard","meta":[],"categories":[30],"tags":[],"news-destination":[],"news-source":[],"is_homepage":[],"ta_other":[],"_links":{"self":[{"href":"https:\/\/www.chiesedisicilia.org\/chiesedisicilia\/news\/wp-json\/wp\/v2\/posts\/1601"}],"collection":[{"href":"https:\/\/www.chiesedisicilia.org\/chiesedisicilia\/news\/wp-json\/wp\/v2\/posts"}],"about":[{"href":"https:\/\/www.chiesedisicilia.org\/chiesedisicilia\/news\/wp-json\/wp\/v2\/types\/post"}],"author":[{"embeddable":true,"href":"https:\/\/www.chiesedisicilia.org\/chiesedisicilia\/news\/wp-json\/wp\/v2\/users\/1"}],"replies":[{"embeddable":true,"href":"https:\/\/www.chiesedisicilia.org\/chiesedisicilia\/news\/wp-json\/wp\/v2\/comments?post=1601"}],"version-history":[{"count":1,"href":"https:\/\/www.chiesedisicilia.org\/chiesedisicilia\/news\/wp-json\/wp\/v2\/posts\/1601\/revisions"}],"predecessor-version":[{"id":20085,"href":"https:\/\/www.chiesedisicilia.org\/chiesedisicilia\/news\/wp-json\/wp\/v2\/posts\/1601\/revisions\/20085"}],"wp:attachment":[{"href":"https:\/\/www.chiesedisicilia.org\/chiesedisicilia\/news\/wp-json\/wp\/v2\/media?parent=1601"}],"wp:term":[{"taxonomy":"category","embeddable":true,"href":"https:\/\/www.chiesedisicilia.org\/chiesedisicilia\/news\/wp-json\/wp\/v2\/categories?post=1601"},{"taxonomy":"post_tag","embeddable":true,"href":"https:\/\/www.chiesedisicilia.org\/chiesedisicilia\/news\/wp-json\/wp\/v2\/tags?post=1601"},{"taxonomy":"news-destination","embeddable":true,"href":"https:\/\/www.chiesedisicilia.org\/chiesedisicilia\/news\/wp-json\/wp\/v2\/news-destination?post=1601"},{"taxonomy":"news-source","embeddable":true,"href":"https:\/\/www.chiesedisicilia.org\/chiesedisicilia\/news\/wp-json\/wp\/v2\/news-source?post=1601"},{"taxonomy":"is_homepage","embeddable":true,"href":"https:\/\/www.chiesedisicilia.org\/chiesedisicilia\/news\/wp-json\/wp\/v2\/is_homepage?post=1601"},{"taxonomy":"ta_other","embeddable":true,"href":"https:\/\/www.chiesedisicilia.org\/chiesedisicilia\/news\/wp-json\/wp\/v2\/ta_other?post=1601"}],"curies":[{"name":"wp","href":"https:\/\/api.w.org\/{rel}","templated":true}]}}