{"id":15982,"date":"2023-01-02T13:39:12","date_gmt":"2023-01-02T12:39:12","guid":{"rendered":"http:\/\/www-chiesedisicilia-org-euwp*.sitenm.com\/?p=15982"},"modified":"2023-01-09T12:52:51","modified_gmt":"2022-03-15T12:52:51","slug":"mons-giombanco-invito-alla-preghiera-con-ununica-intenzione-e-una-sola-voce","status":"publish","type":"post","link":"https:\/\/www.chiesedisicilia.org\/2023\/01\/02\/mons-giombanco-invito-alla-preghiera-con-ununica-intenzione-e-una-sola-voce\/","title":{"rendered":"MONS. GIOMBANCO: INVITO ALLA PREGHIERA CON UN&#8217;UNICA INTENZIONE E UNA SOLA VOCE"},"content":{"rendered":"<p>Appresa la notizia della morte del Papa emerito Benedetto XVI, la Diocesi di Patti si unisce alla preghiera di tutta la Chiesa e ringrazia il Signore Misericordioso per il ministero di cos\u00ec grande Pastore che, mediante il suo luminoso magistero e la sua guida sapiente, ha edificato il Santo Popolo di Dio.<\/p>\n<p>\u00f9Tutti i fedeli sono invitati ad elevare preghiere di suffragio per Benedetto XVI, servo buono e fedele, chiedendo a Cristo Redentore di accoglierlo nel Suo Regno di luce e di pace.<\/p>\n<p>In ogni Parrocchia si organizzi un momento di preghiera e si celebri anche una Santa Messa di suffragio utilizzando la seguente Colletta:<\/p>\n<p><em>O\u00a0Dio, che dai la giusta ricompensa agli operai del Vangelo, accogli il tuo servo il Papa emerito Benedetto XVI, perch\u00e9 contempli in eterno il mistero di pace e di amore che egli, come successore di Pietro e pastore della Chiesa, dispens\u00f2 fedelmente alla tua famiglia. Per il nostro Signore Ges\u00f9 Cristo,\u00a0tuo Figlio, che \u00e8 Dio,\u00a0e vive e regna con te, nell\u2019unit\u00e0 dello Spirito Santo, per tutti i secoli dei secoli.\u00a0Amen.<\/em><\/p>\n<p>Inoltre, si aggiunga la seguente intenzione nella preghiera universale:<\/p>\n<p><em>Per il defunto Papa emerito Benedetto XVI, perch\u00e9 il Supremo Pastore, che sempre vive per intercedere per noi, lo accolga benigno nel Regno della luce e della pace. Preghiamo.<\/em><\/p>\n<p style=\"text-align: right\">+ Guglielmo Giombanco, Vescovo<\/p>\n","protected":false},"excerpt":{"rendered":"","protected":false},"author":4,"featured_media":15936,"comment_status":"closed","ping_status":"closed","sticky":false,"template":"","format":"standard","meta":[],"categories":[30],"tags":[],"news-destination":[],"news-source":[],"is_homepage":[],"ta_other":[],"_links":{"self":[{"href":"https:\/\/www.chiesedisicilia.org\/chiesedisicilia\/news\/wp-json\/wp\/v2\/posts\/15982"}],"collection":[{"href":"https:\/\/www.chiesedisicilia.org\/chiesedisicilia\/news\/wp-json\/wp\/v2\/posts"}],"about":[{"href":"https:\/\/www.chiesedisicilia.org\/chiesedisicilia\/news\/wp-json\/wp\/v2\/types\/post"}],"author":[{"embeddable":true,"href":"https:\/\/www.chiesedisicilia.org\/chiesedisicilia\/news\/wp-json\/wp\/v2\/users\/4"}],"replies":[{"embeddable":true,"href":"https:\/\/www.chiesedisicilia.org\/chiesedisicilia\/news\/wp-json\/wp\/v2\/comments?post=15982"}],"version-history":[{"count":1,"href":"https:\/\/www.chiesedisicilia.org\/chiesedisicilia\/news\/wp-json\/wp\/v2\/posts\/15982\/revisions"}],"predecessor-version":[{"id":15984,"href":"https:\/\/www.chiesedisicilia.org\/chiesedisicilia\/news\/wp-json\/wp\/v2\/posts\/15982\/revisions\/15984"}],"wp:featuredmedia":[{"embeddable":true,"href":"https:\/\/www.chiesedisicilia.org\/chiesedisicilia\/news\/wp-json\/wp\/v2\/media\/15936"}],"wp:attachment":[{"href":"https:\/\/www.chiesedisicilia.org\/chiesedisicilia\/news\/wp-json\/wp\/v2\/media?parent=15982"}],"wp:term":[{"taxonomy":"category","embeddable":true,"href":"https:\/\/www.chiesedisicilia.org\/chiesedisicilia\/news\/wp-json\/wp\/v2\/categories?post=15982"},{"taxonomy":"post_tag","embeddable":true,"href":"https:\/\/www.chiesedisicilia.org\/chiesedisicilia\/news\/wp-json\/wp\/v2\/tags?post=15982"},{"taxonomy":"news-destination","embeddable":true,"href":"https:\/\/www.chiesedisicilia.org\/chiesedisicilia\/news\/wp-json\/wp\/v2\/news-destination?post=15982"},{"taxonomy":"news-source","embeddable":true,"href":"https:\/\/www.chiesedisicilia.org\/chiesedisicilia\/news\/wp-json\/wp\/v2\/news-source?post=15982"},{"taxonomy":"is_homepage","embeddable":true,"href":"https:\/\/www.chiesedisicilia.org\/chiesedisicilia\/news\/wp-json\/wp\/v2\/is_homepage?post=15982"},{"taxonomy":"ta_other","embeddable":true,"href":"https:\/\/www.chiesedisicilia.org\/chiesedisicilia\/news\/wp-json\/wp\/v2\/ta_other?post=15982"}],"curies":[{"name":"wp","href":"https:\/\/api.w.org\/{rel}","templated":true}]}}