{"id":15948,"date":"2023-01-02T12:44:01","date_gmt":"2023-01-02T11:44:01","guid":{"rendered":"http:\/\/www-chiesedisicilia-org-euwp*.sitenm.com\/?p=15948"},"modified":"2023-01-02T12:44:04","modified_gmt":"2022-03-08T12:44:04","slug":"mons-renna-ha-vissuto-con-lucidita-la-sua-fede-pensata-e-pensante","status":"publish","type":"post","link":"https:\/\/www.chiesedisicilia.org\/2023\/01\/02\/mons-renna-ha-vissuto-con-lucidita-la-sua-fede-pensata-e-pensante\/","title":{"rendered":"MONS. RENNA: \u201cHA VISSUTO CON LUCIDIT\u00c0 LA SUA FEDE PENSATA E PENSANTE\u201d"},"content":{"rendered":"<p>\u201cBenedetto XVI \u00e8 stato un Pastore che si \u00e8 lasciato guidare dal Buon Pastore, e si \u00e8 configurato a Lui\u201d. Lo scrive mons. Luigi Renna, arcivescovo di Catania, nel suo messaggio alla diocesi sulla morte del Papa emerito. \u201cHa vissuto con lucidit\u00e0 la sua fede pensata e pensante; ha alimentato con la preghiera e con lo sguardo rivolto ai santi la sua speranza \u2013 osserva il presule \u2013; ha vissuto la carit\u00e0 in modo totale e discreto; \u00e8 stato animato da una umilt\u00e0 grandissima, che lo ha portato a rimettere il suo mandato quando la sua salute non gli ha permesso di presiedere nella carit\u00e0 la Chiesa; ha continuato ad intercedere per la Sposa di Cristo, testimoniando una grande comunione con il suo Successore\u201d.<\/p>\n<p>L\u2019arcivescovo presieder\u00e0 l\u2019Eucarestia per Papa Benedetto XVI, alla quale sono invitati tutti i presbiteri, religiosi, religiose e laici, nella cattedrale di Sant\u2019Agata, in Catania, il giorno 4 gennaio, alle 19.<\/p>\n","protected":false},"excerpt":{"rendered":"","protected":false},"author":4,"featured_media":15936,"comment_status":"closed","ping_status":"closed","sticky":false,"template":"","format":"standard","meta":[],"categories":[30],"tags":[],"news-destination":[],"news-source":[],"is_homepage":[],"ta_other":[],"_links":{"self":[{"href":"https:\/\/www.chiesedisicilia.org\/chiesedisicilia\/news\/wp-json\/wp\/v2\/posts\/15948"}],"collection":[{"href":"https:\/\/www.chiesedisicilia.org\/chiesedisicilia\/news\/wp-json\/wp\/v2\/posts"}],"about":[{"href":"https:\/\/www.chiesedisicilia.org\/chiesedisicilia\/news\/wp-json\/wp\/v2\/types\/post"}],"author":[{"embeddable":true,"href":"https:\/\/www.chiesedisicilia.org\/chiesedisicilia\/news\/wp-json\/wp\/v2\/users\/4"}],"replies":[{"embeddable":true,"href":"https:\/\/www.chiesedisicilia.org\/chiesedisicilia\/news\/wp-json\/wp\/v2\/comments?post=15948"}],"version-history":[{"count":1,"href":"https:\/\/www.chiesedisicilia.org\/chiesedisicilia\/news\/wp-json\/wp\/v2\/posts\/15948\/revisions"}],"predecessor-version":[{"id":23892,"href":"https:\/\/www.chiesedisicilia.org\/chiesedisicilia\/news\/wp-json\/wp\/v2\/posts\/15948\/revisions\/23892"}],"wp:featuredmedia":[{"embeddable":true,"href":"https:\/\/www.chiesedisicilia.org\/chiesedisicilia\/news\/wp-json\/wp\/v2\/media\/15936"}],"wp:attachment":[{"href":"https:\/\/www.chiesedisicilia.org\/chiesedisicilia\/news\/wp-json\/wp\/v2\/media?parent=15948"}],"wp:term":[{"taxonomy":"category","embeddable":true,"href":"https:\/\/www.chiesedisicilia.org\/chiesedisicilia\/news\/wp-json\/wp\/v2\/categories?post=15948"},{"taxonomy":"post_tag","embeddable":true,"href":"https:\/\/www.chiesedisicilia.org\/chiesedisicilia\/news\/wp-json\/wp\/v2\/tags?post=15948"},{"taxonomy":"news-destination","embeddable":true,"href":"https:\/\/www.chiesedisicilia.org\/chiesedisicilia\/news\/wp-json\/wp\/v2\/news-destination?post=15948"},{"taxonomy":"news-source","embeddable":true,"href":"https:\/\/www.chiesedisicilia.org\/chiesedisicilia\/news\/wp-json\/wp\/v2\/news-source?post=15948"},{"taxonomy":"is_homepage","embeddable":true,"href":"https:\/\/www.chiesedisicilia.org\/chiesedisicilia\/news\/wp-json\/wp\/v2\/is_homepage?post=15948"},{"taxonomy":"ta_other","embeddable":true,"href":"https:\/\/www.chiesedisicilia.org\/chiesedisicilia\/news\/wp-json\/wp\/v2\/ta_other?post=15948"}],"curies":[{"name":"wp","href":"https:\/\/api.w.org\/{rel}","templated":true}]}}