{"id":1593,"date":"2014-07-03T09:55:00","date_gmt":"2014-07-03T07:55:00","guid":{"rendered":"http:\/\/wptestsite.tecnavia.com\/chiesedisicilia_clientsite\/news\/2014\/07\/03\/caltagirone-festa-della-diocesi-siamo-chiesa-viva-e-missionaria\/"},"modified":"2018-11-09T11:00:36","modified_gmt":"2018-01-13T11:00:36","slug":"caltagirone-festa-della-diocesi-siamo-chiesa-viva-e-missionaria","status":"publish","type":"post","link":"https:\/\/www.chiesedisicilia.org\/2014\/07\/03\/caltagirone-festa-della-diocesi-siamo-chiesa-viva-e-missionaria\/","title":{"rendered":"CALTAGIRONE. FESTA DELLA DIOCESI: &#8220;SIAMO CHIESA VIVA E MISSIONARIA&#8221;"},"content":{"rendered":"<p class=\"MsoNormal\" style=\"margin-bottom: 0.0001pt; text-align: justify;\"><span style=\"font-size: medium;\"><span style=\"font-family: 'Times New Roman';\">\u00c8 in programma per venerd\u00ec 4 luglio, in occasione della dedicazione della Basilica Cattedrale, la Festa della Chiesa diocesana. Per celebrare la ricorrenza mons. Calogero Peri, Vescovo di Caltagirone, presieder\u00e0 alle ore 19.30, in Cattedrale, la solenne Celebrazione eucaristica nella quale ordiner\u00e0 due diaconi permanenti: gli accoliti Francesco Cali (44 anni, sposato e padre di due figli, tecnico manutentore) e Antonino Carf\u00ec (48 anni, sposato e anche lui padre di due figli, impiegato), entrambi della Parrocchia San Francesco di Paola-San Pietro di Caltagirone.<\/span><\/span><span style=\"font-size:12.0pt;font-family:\"Times New Roman\",\"serif\";mso-fareast-font-family:\n\"Times New Roman\"\"><o:p><\/o:p><\/span><\/p>\n<p class=\"MsoNormal\" style=\"margin-bottom: 0.0001pt; text-align: justify;\"><span style=\"font-size: medium;\"><span style=\"font-family: 'Times New Roman';\">&#8220;Penso alla Festa della Chiesa diocesana &#8211; spiega mons. Peri &#8211; come un momento per comprendere la bellezza di essere porzione viva e missionaria del Popolo santo di Dio, e soprattutto per lodare e benedire il Signore per i doni con i quali ha abbellito nel passato e abbellisce ancor oggi questa nostra Chiesa&#8221;.<\/span><\/span><span style=\"font-size:12.0pt;font-family:\"Times New Roman\",\"serif\";mso-fareast-font-family:\n\"Times New Roman\"\"><o:p><\/o:p><\/span><\/p>\n<p class=\"MsoNormal\" style=\"margin-bottom: 0.0001pt; text-align: justify;\"><span style=\"font-size: medium;\"><span style=\"font-family: 'Times New Roman';\">Quest\u2019anno, come gi\u00e0 anticipato, per sottolineare la centralit\u00e0 della dimensione del servizio nella vita della comunit\u00e0 credente, la Festa della Chiesa diocesana sar\u00e0 arricchita dall\u2019ordinazione di due diaconi permanenti. &#8220;Questo evento vuole essere anche l\u2019occasione propizia &#8211; afferma mons. Peri &#8211; per dire il nostro grazie al Signore per il dono del diaconato permanente che da vent\u2019anni arricchisce la nostra Chiesa&#8221;. [01]<\/span><\/span><span style=\"font-size:12.0pt;font-family:\"Times New Roman\",\"serif\";mso-fareast-font-family:\n\"Times New Roman\"\"><o:p><\/o:p><\/span><\/p>\n","protected":false},"excerpt":{"rendered":"","protected":false},"author":1,"featured_media":0,"comment_status":"open","ping_status":"open","sticky":false,"template":"","format":"standard","meta":[],"categories":[30],"tags":[],"news-destination":[],"news-source":[],"is_homepage":[],"ta_other":[],"_links":{"self":[{"href":"https:\/\/www.chiesedisicilia.org\/chiesedisicilia\/news\/wp-json\/wp\/v2\/posts\/1593"}],"collection":[{"href":"https:\/\/www.chiesedisicilia.org\/chiesedisicilia\/news\/wp-json\/wp\/v2\/posts"}],"about":[{"href":"https:\/\/www.chiesedisicilia.org\/chiesedisicilia\/news\/wp-json\/wp\/v2\/types\/post"}],"author":[{"embeddable":true,"href":"https:\/\/www.chiesedisicilia.org\/chiesedisicilia\/news\/wp-json\/wp\/v2\/users\/1"}],"replies":[{"embeddable":true,"href":"https:\/\/www.chiesedisicilia.org\/chiesedisicilia\/news\/wp-json\/wp\/v2\/comments?post=1593"}],"version-history":[{"count":1,"href":"https:\/\/www.chiesedisicilia.org\/chiesedisicilia\/news\/wp-json\/wp\/v2\/posts\/1593\/revisions"}],"predecessor-version":[{"id":20079,"href":"https:\/\/www.chiesedisicilia.org\/chiesedisicilia\/news\/wp-json\/wp\/v2\/posts\/1593\/revisions\/20079"}],"wp:attachment":[{"href":"https:\/\/www.chiesedisicilia.org\/chiesedisicilia\/news\/wp-json\/wp\/v2\/media?parent=1593"}],"wp:term":[{"taxonomy":"category","embeddable":true,"href":"https:\/\/www.chiesedisicilia.org\/chiesedisicilia\/news\/wp-json\/wp\/v2\/categories?post=1593"},{"taxonomy":"post_tag","embeddable":true,"href":"https:\/\/www.chiesedisicilia.org\/chiesedisicilia\/news\/wp-json\/wp\/v2\/tags?post=1593"},{"taxonomy":"news-destination","embeddable":true,"href":"https:\/\/www.chiesedisicilia.org\/chiesedisicilia\/news\/wp-json\/wp\/v2\/news-destination?post=1593"},{"taxonomy":"news-source","embeddable":true,"href":"https:\/\/www.chiesedisicilia.org\/chiesedisicilia\/news\/wp-json\/wp\/v2\/news-source?post=1593"},{"taxonomy":"is_homepage","embeddable":true,"href":"https:\/\/www.chiesedisicilia.org\/chiesedisicilia\/news\/wp-json\/wp\/v2\/is_homepage?post=1593"},{"taxonomy":"ta_other","embeddable":true,"href":"https:\/\/www.chiesedisicilia.org\/chiesedisicilia\/news\/wp-json\/wp\/v2\/ta_other?post=1593"}],"curies":[{"name":"wp","href":"https:\/\/api.w.org\/{rel}","templated":true}]}}