{"id":1592,"date":"2014-06-27T12:32:00","date_gmt":"2014-06-27T10:32:00","guid":{"rendered":"http:\/\/wptestsite.tecnavia.com\/chiesedisicilia_clientsite\/news\/2014\/06\/27\/caltagirone-seminario-don-giovanni-dimartino-e-il-nuovo-rettore\/"},"modified":"2018-11-09T11:00:36","modified_gmt":"2018-01-13T11:00:36","slug":"caltagirone-seminario-don-giovanni-dimartino-e-il-nuovo-rettore","status":"publish","type":"post","link":"https:\/\/www.chiesedisicilia.org\/2014\/06\/27\/caltagirone-seminario-don-giovanni-dimartino-e-il-nuovo-rettore\/","title":{"rendered":"CALTAGIRONE. SEMINARIO: DON GIOVANNI DIMARTINO \u00c8 IL NUOVO RETTORE"},"content":{"rendered":"<p class=\"MsoNormal\" style=\"margin-bottom: 0.0001pt; text-align: justify; background-image: initial; background-attachment: initial; background-size: initial; background-origin: initial; background-clip: initial; background-position: initial; background-repeat: initial;\"><span style=\"font-size: medium;\"><span style=\"font-family: 'Times New Roman';\">In vista del trasferimento della comunit\u00e0 del Seminario a Catania, mons. Calogero Peri, Vescovo di Caltagirone, ha nominato la nuova \u00e9quipe dei formatori: il nuovo rettore \u00e8 don Giovanni Dimartino; il direttore spirituale \u00e8 mons. Umberto Pedi; l\u2019economo \u00e8 don Nuccio Caniglia.<\/span><\/span><span style=\"font-size:12.0pt;font-family:\"Times New Roman\",\"serif\";mso-bidi-font-family:\n\"Times New Roman\";mso-bidi-theme-font:minor-bidi\"><o:p><\/o:p><\/span><\/p>\n<p class=\"MsoNormal\" style=\"margin-bottom: 0.0001pt; text-align: justify; background-image: initial; background-attachment: initial; background-size: initial; background-origin: initial; background-clip: initial; background-position: initial; background-repeat: initial;\"><span style=\"font-size: medium;\"><span style=\"font-family: 'Times New Roman';\">Augurando buon lavoro alla nuova \u00e9quipe, il Vescovo ha espresso il suo ringraziamento a don Gianni Zavattieri e a don Gaetano Caruso per il servizio svolto, in questi anni, con dedizione e amore.<\/span><\/span><span style=\"font-size:12.0pt;font-family:\"Times New Roman\",\"serif\";mso-bidi-font-family:\n\"Times New Roman\";mso-bidi-theme-font:minor-bidi\"><o:p><\/o:p><\/span><\/p>\n<p class=\"MsoNormal\" style=\"margin-bottom: 0.0001pt; text-align: justify;\"><span style=\"font-size: medium;\"><span style=\"font-family: 'Times New Roman';\">A partire da settembre 2014, per garantire migliori opportunit\u00e0 formative e di studio personale ai seminaristi, e ridurre i rischi connessi ai trasferimenti giornalieri verso l\u2019Istituto Teologico San Paolo, la comunit\u00e0 del Seminario risieder\u00e0 a Catania.<\/span><\/span><span style=\"font-size:12.0pt;font-family:\"Times New Roman\",\"serif\";mso-bidi-font-family:\n\"Times New Roman\";mso-bidi-theme-font:minor-bidi\"><o:p><\/o:p><\/span><\/p>\n<p class=\"MsoNormal\" style=\"margin-bottom: 0.0001pt; text-align: justify;\"><span style=\"font-size: medium;\"><span style=\"font-family: 'Times New Roman';\">Il Seminario, per\u00f2, non lascia Caltagirone. I seminaristi integreranno e completeranno la loro formazione spirituale e pastorale in Diocesi con attivit\u00e0 programmate in giorni e tempi specifici.<\/span><\/span><span style=\"font-size:12.0pt;font-family:\"Times New Roman\",\"serif\";mso-bidi-font-family:\n\"Times New Roman\";mso-bidi-theme-font:minor-bidi\"><o:p><\/o:p><\/span><\/p>\n<p class=\"MsoNormal\" style=\"margin-bottom: 0.0001pt; text-align: justify;\"><span style=\"font-size: medium;\"><span style=\"font-family: 'Times New Roman';\">&#8220;La formazione intellettuale e spirituale dei seminaristi \u00e8 fra le priorit\u00e0 pastorali per il futuro della nostra Chiesa &#8211; afferma mons. Peri -. Questo \u00e8 il motivo per il quale abbiamo progettato questo cambiamento e per il quale siamo tutti chiamati a sostenere con maggiore impegno e convinzione la vita della comunit\u00e0 del Seminario. Ringrazio, pertanto, il clero e i superiori del Seminario con i quali abbiamo condiviso con sensibilit\u00e0 e responsabilit\u00e0 questo nuovo percorso, per assicurare una migliore formazione ai nostri seminaristi&#8221;. [01]<\/span><\/span><span style=\"font-size:12.0pt;font-family:\"Times New Roman\",\"serif\";mso-bidi-font-family:\n\"Times New Roman\";mso-bidi-theme-font:minor-bidi\"><o:p><\/o:p><\/span><\/p>\n","protected":false},"excerpt":{"rendered":"","protected":false},"author":1,"featured_media":0,"comment_status":"open","ping_status":"open","sticky":false,"template":"","format":"standard","meta":[],"categories":[30],"tags":[],"news-destination":[],"news-source":[],"is_homepage":[],"ta_other":[],"_links":{"self":[{"href":"https:\/\/www.chiesedisicilia.org\/chiesedisicilia\/news\/wp-json\/wp\/v2\/posts\/1592"}],"collection":[{"href":"https:\/\/www.chiesedisicilia.org\/chiesedisicilia\/news\/wp-json\/wp\/v2\/posts"}],"about":[{"href":"https:\/\/www.chiesedisicilia.org\/chiesedisicilia\/news\/wp-json\/wp\/v2\/types\/post"}],"author":[{"embeddable":true,"href":"https:\/\/www.chiesedisicilia.org\/chiesedisicilia\/news\/wp-json\/wp\/v2\/users\/1"}],"replies":[{"embeddable":true,"href":"https:\/\/www.chiesedisicilia.org\/chiesedisicilia\/news\/wp-json\/wp\/v2\/comments?post=1592"}],"version-history":[{"count":1,"href":"https:\/\/www.chiesedisicilia.org\/chiesedisicilia\/news\/wp-json\/wp\/v2\/posts\/1592\/revisions"}],"predecessor-version":[{"id":20076,"href":"https:\/\/www.chiesedisicilia.org\/chiesedisicilia\/news\/wp-json\/wp\/v2\/posts\/1592\/revisions\/20076"}],"wp:attachment":[{"href":"https:\/\/www.chiesedisicilia.org\/chiesedisicilia\/news\/wp-json\/wp\/v2\/media?parent=1592"}],"wp:term":[{"taxonomy":"category","embeddable":true,"href":"https:\/\/www.chiesedisicilia.org\/chiesedisicilia\/news\/wp-json\/wp\/v2\/categories?post=1592"},{"taxonomy":"post_tag","embeddable":true,"href":"https:\/\/www.chiesedisicilia.org\/chiesedisicilia\/news\/wp-json\/wp\/v2\/tags?post=1592"},{"taxonomy":"news-destination","embeddable":true,"href":"https:\/\/www.chiesedisicilia.org\/chiesedisicilia\/news\/wp-json\/wp\/v2\/news-destination?post=1592"},{"taxonomy":"news-source","embeddable":true,"href":"https:\/\/www.chiesedisicilia.org\/chiesedisicilia\/news\/wp-json\/wp\/v2\/news-source?post=1592"},{"taxonomy":"is_homepage","embeddable":true,"href":"https:\/\/www.chiesedisicilia.org\/chiesedisicilia\/news\/wp-json\/wp\/v2\/is_homepage?post=1592"},{"taxonomy":"ta_other","embeddable":true,"href":"https:\/\/www.chiesedisicilia.org\/chiesedisicilia\/news\/wp-json\/wp\/v2\/ta_other?post=1592"}],"curies":[{"name":"wp","href":"https:\/\/api.w.org\/{rel}","templated":true}]}}