{"id":1588,"date":"2014-05-16T16:46:00","date_gmt":"2014-05-16T14:46:00","guid":{"rendered":"http:\/\/wptestsite.tecnavia.com\/chiesedisicilia_clientsite\/news\/2014\/05\/16\/caltagirone-incontro-festa-diocesano-dei-cresimandi\/"},"modified":"2018-11-09T11:00:36","modified_gmt":"2018-01-13T11:00:36","slug":"caltagirone-incontro-festa-diocesano-dei-cresimandi","status":"publish","type":"post","link":"https:\/\/www.chiesedisicilia.org\/2014\/05\/16\/caltagirone-incontro-festa-diocesano-dei-cresimandi\/","title":{"rendered":"CALTAGIRONE. INCONTRO &#8211; FESTA DIOCESANO DEI CRESIMANDI"},"content":{"rendered":"<p class=\"MsoNoSpacing\"><span style=\"font-size: medium;\"><span style=\"font-family: 'Times New Roman';\"><span class=\"MsoSubtleEmphasis\">&#8220;Perch\u00e9 la vostra gioia sia piena!&#8221; \u00e8 lo slogan dell\u2019incontro &#8211; festa diocesano dei Cresimandi che si svolge domenica 11 maggio, a partire dalle ore 9.00, al Giardino Pubblico.<\/span><\/span><\/span><span class=\"MsoSubtleEmphasis\"><span style=\"font-size: 12pt; font-family: 'Times New Roman', serif;\"><o:p><\/o:p><\/span><\/span><\/p>\n<p class=\"MsoNoSpacing\"><span style=\"font-size: medium;\"><span style=\"font-family: 'Times New Roman';\"><span class=\"MsoSubtleEmphasis\">L\u2019appuntamento, organizzato dal Centro diocesano vocazioni (Cdv) in collaborazione con l\u2019equipe diocesana dell\u2019Azione Cattolica Ragazzi, celebra, a livello diocesano, la 51\u00b0 Giornata mondiale di preghiera per le vocazioni che ha come tema Le vocazioni, testimonianza della verit\u00e0.<\/span><\/span><\/span><span class=\"MsoSubtleEmphasis\"><span style=\"font-size: 12pt; font-family: 'Times New Roman', serif;\"><o:p><\/o:p><\/span><\/span><\/p>\n<p class=\"MsoNoSpacing\"><span style=\"font-size: medium;\"><span style=\"font-family: 'Times New Roman';\"><span class=\"MsoSubtleEmphasis\">&#8220;Cercare ed accogliere la propria vocazione nella vita &#8211; dice mons. Calogero Peri, Vescovo di Caltagirone &#8211; significa collocare la nostra storia nell\u2019orizzonte di Dio e vivere la misura alta della vita cristiana. Ges\u00f9 \u00e8 l\u2019uomo nuovo, l\u2019uomo che vive in pienezza, in libert\u00e0, secondo la verit\u00e0. A tutti i giovani rivolgo il mio invito: seguite Ges\u00f9, imparate da lui, sarete uomini e donne della speranza, dell\u2019amore, della gioia e farete della vostra vita un capolavoro!&#8221;.<\/span><\/span><\/span><span class=\"MsoSubtleEmphasis\"><span style=\"font-size: 12pt; font-family: 'Times New Roman', serif;\"><o:p><\/o:p><\/span><\/span><\/p>\n<p class=\"MsoNoSpacing\"><span style=\"font-size: medium;\"><span style=\"font-family: 'Times New Roman';\"><span class=\"MsoSubtleEmphasis\">Attesi al Giardino Pubblico oltre 600 partecipanti. &#8220;Questo momento &#8211; afferma don Francesco Di Stefano, direttore del Cdv &#8211; ci offre ancora una volta l\u2019opportunit\u00e0 di porre in luce l\u2019importanza di tutte le vocazioni nella vita e nella missione della Chiesa, e di intensificare la nostra preghiera affinch\u00e9 i nostri giovani possano scoprire con gioia la propria vocazione&#8221;. <\/span><\/span><\/span><span class=\"MsoSubtleEmphasis\"><span style=\"font-size: 12pt; font-family: 'Times New Roman', serif;\"><o:p><\/o:p><\/span><\/span><\/p>\n<p class=\"MsoNoSpacing\"><span style=\"font-size: medium;\"><span style=\"font-family: 'Times New Roman';\"><span class=\"MsoSubtleEmphasis\">Il programma prevede, tra gli altri appuntamenti, la Marcia della gioia verso la Cattedrale alle ore 11,30 e immediatamente dopo la celebrazione eucaristica dal Vescovo. [01]<\/span><\/span><\/span><span class=\"MsoSubtleEmphasis\"><span style=\"font-size: 12pt; font-family: 'Times New Roman', serif;\"><o:p><\/o:p><\/span><\/span><\/p>\n","protected":false},"excerpt":{"rendered":"","protected":false},"author":1,"featured_media":0,"comment_status":"open","ping_status":"open","sticky":false,"template":"","format":"standard","meta":[],"categories":[30],"tags":[],"news-destination":[],"news-source":[],"is_homepage":[],"ta_other":[],"_links":{"self":[{"href":"https:\/\/www.chiesedisicilia.org\/chiesedisicilia\/news\/wp-json\/wp\/v2\/posts\/1588"}],"collection":[{"href":"https:\/\/www.chiesedisicilia.org\/chiesedisicilia\/news\/wp-json\/wp\/v2\/posts"}],"about":[{"href":"https:\/\/www.chiesedisicilia.org\/chiesedisicilia\/news\/wp-json\/wp\/v2\/types\/post"}],"author":[{"embeddable":true,"href":"https:\/\/www.chiesedisicilia.org\/chiesedisicilia\/news\/wp-json\/wp\/v2\/users\/1"}],"replies":[{"embeddable":true,"href":"https:\/\/www.chiesedisicilia.org\/chiesedisicilia\/news\/wp-json\/wp\/v2\/comments?post=1588"}],"version-history":[{"count":1,"href":"https:\/\/www.chiesedisicilia.org\/chiesedisicilia\/news\/wp-json\/wp\/v2\/posts\/1588\/revisions"}],"predecessor-version":[{"id":20072,"href":"https:\/\/www.chiesedisicilia.org\/chiesedisicilia\/news\/wp-json\/wp\/v2\/posts\/1588\/revisions\/20072"}],"wp:attachment":[{"href":"https:\/\/www.chiesedisicilia.org\/chiesedisicilia\/news\/wp-json\/wp\/v2\/media?parent=1588"}],"wp:term":[{"taxonomy":"category","embeddable":true,"href":"https:\/\/www.chiesedisicilia.org\/chiesedisicilia\/news\/wp-json\/wp\/v2\/categories?post=1588"},{"taxonomy":"post_tag","embeddable":true,"href":"https:\/\/www.chiesedisicilia.org\/chiesedisicilia\/news\/wp-json\/wp\/v2\/tags?post=1588"},{"taxonomy":"news-destination","embeddable":true,"href":"https:\/\/www.chiesedisicilia.org\/chiesedisicilia\/news\/wp-json\/wp\/v2\/news-destination?post=1588"},{"taxonomy":"news-source","embeddable":true,"href":"https:\/\/www.chiesedisicilia.org\/chiesedisicilia\/news\/wp-json\/wp\/v2\/news-source?post=1588"},{"taxonomy":"is_homepage","embeddable":true,"href":"https:\/\/www.chiesedisicilia.org\/chiesedisicilia\/news\/wp-json\/wp\/v2\/is_homepage?post=1588"},{"taxonomy":"ta_other","embeddable":true,"href":"https:\/\/www.chiesedisicilia.org\/chiesedisicilia\/news\/wp-json\/wp\/v2\/ta_other?post=1588"}],"curies":[{"name":"wp","href":"https:\/\/api.w.org\/{rel}","templated":true}]}}