{"id":1587,"date":"2014-05-16T15:33:00","date_gmt":"2014-05-16T13:33:00","guid":{"rendered":"http:\/\/wptestsite.tecnavia.com\/chiesedisicilia_clientsite\/news\/2014\/05\/16\/caltagirone-raduno-diocesano-dei-ministranti-2\/"},"modified":"2018-11-09T11:00:36","modified_gmt":"2018-01-13T11:00:36","slug":"caltagirone-raduno-diocesano-dei-ministranti-2","status":"publish","type":"post","link":"https:\/\/www.chiesedisicilia.org\/2014\/05\/16\/caltagirone-raduno-diocesano-dei-ministranti-2\/","title":{"rendered":"CALTAGIRONE. RADUNO DIOCESANO DEI MINISTRANTI"},"content":{"rendered":"<p class=\"MsoNoSpacing\"><span style=\"font-size: medium;\"><span style=\"font-family: 'Times New Roman';\"><span class=\"MsoSubtleEmphasis\">&#8220;Libera la gioia!&#8221; \u00e8 la parola d&#8217;ordine sotto la quale, sabato 17 maggio, al Seminario estivo di Caltagirone, si riuniranno i ministranti di tutta la Diocesi. L\u2019incontro \u00e8 promosso dalla comunit\u00e0 del Seminario vescovile e dal Centro diocesano vocazioni. &#8220;\u00c8 sempre una gioia per il Seminario incontrare i ministranti e far festa con loro &#8211; afferma mons. Umberto Pedi, rettore del Seminario -. Essi sono come la primavera che sboccia attorno all\u2019altare delle nostre comunit\u00e0 parrocchiali e il vivaio da cui maturano diverse vocazioni ecclesiali&#8221;. Il programma si apre alle ore 16, con l&#8217;accoglienza. Immediatamente dopo la celebrazione eucaristica. A seguire, intorno alle 17.30, un momento di gioco. La conclusione \u00e8 prevista alle ore 19. &#8220;Curare i ministranti con amore assiduo e costante &#8211; conclude mons. Pedi &#8211; \u00e8 il segreto non solo per assicurare un prezioso e dignitoso servizio alle nostre celebrazioni liturgiche, ma anche per educare tanti ragazzi e giovani alla vita cristiana e alla testimonianza di un\u2019identit\u00e0 umana e cristiana. Per i seminaristi i gruppi dei ministranti sono anche il primo campo di iniziazione alla vita apostolica e missionaria&#8221;.<\/span><\/span><\/span><span class=\"MsoSubtleEmphasis\"><span style=\"font-size: 12pt; font-family: 'Times New Roman', serif;\"><o:p><\/o:p><\/span><\/span><\/p>\n<p class=\"MsoNoSpacing\"><span style=\"font-size: medium;\"><span style=\"font-family: 'Times New Roman';\"><span class=\"MsoSubtleEmphasis\">Con il Raduno diocesano si chiude il calendario delle attivit\u00e0 dedicate ai ministranti. \u00a0Ciascun momento ha visto la partecipazione attiva di tutte le comunit\u00e0 parrocchiali della Diocesi con la partecipazione di 200 ragazzi circa per ogni incontro. [01]<\/span><\/span><\/span><span class=\"MsoSubtleEmphasis\"><span style=\"font-size: 12pt; font-family: 'Times New Roman', serif;\"><o:p><\/o:p><\/span><\/span><\/p>\n","protected":false},"excerpt":{"rendered":"","protected":false},"author":1,"featured_media":0,"comment_status":"open","ping_status":"open","sticky":false,"template":"","format":"standard","meta":[],"categories":[30],"tags":[],"news-destination":[],"news-source":[],"is_homepage":[],"ta_other":[],"_links":{"self":[{"href":"https:\/\/www.chiesedisicilia.org\/chiesedisicilia\/news\/wp-json\/wp\/v2\/posts\/1587"}],"collection":[{"href":"https:\/\/www.chiesedisicilia.org\/chiesedisicilia\/news\/wp-json\/wp\/v2\/posts"}],"about":[{"href":"https:\/\/www.chiesedisicilia.org\/chiesedisicilia\/news\/wp-json\/wp\/v2\/types\/post"}],"author":[{"embeddable":true,"href":"https:\/\/www.chiesedisicilia.org\/chiesedisicilia\/news\/wp-json\/wp\/v2\/users\/1"}],"replies":[{"embeddable":true,"href":"https:\/\/www.chiesedisicilia.org\/chiesedisicilia\/news\/wp-json\/wp\/v2\/comments?post=1587"}],"version-history":[{"count":1,"href":"https:\/\/www.chiesedisicilia.org\/chiesedisicilia\/news\/wp-json\/wp\/v2\/posts\/1587\/revisions"}],"predecessor-version":[{"id":20071,"href":"https:\/\/www.chiesedisicilia.org\/chiesedisicilia\/news\/wp-json\/wp\/v2\/posts\/1587\/revisions\/20071"}],"wp:attachment":[{"href":"https:\/\/www.chiesedisicilia.org\/chiesedisicilia\/news\/wp-json\/wp\/v2\/media?parent=1587"}],"wp:term":[{"taxonomy":"category","embeddable":true,"href":"https:\/\/www.chiesedisicilia.org\/chiesedisicilia\/news\/wp-json\/wp\/v2\/categories?post=1587"},{"taxonomy":"post_tag","embeddable":true,"href":"https:\/\/www.chiesedisicilia.org\/chiesedisicilia\/news\/wp-json\/wp\/v2\/tags?post=1587"},{"taxonomy":"news-destination","embeddable":true,"href":"https:\/\/www.chiesedisicilia.org\/chiesedisicilia\/news\/wp-json\/wp\/v2\/news-destination?post=1587"},{"taxonomy":"news-source","embeddable":true,"href":"https:\/\/www.chiesedisicilia.org\/chiesedisicilia\/news\/wp-json\/wp\/v2\/news-source?post=1587"},{"taxonomy":"is_homepage","embeddable":true,"href":"https:\/\/www.chiesedisicilia.org\/chiesedisicilia\/news\/wp-json\/wp\/v2\/is_homepage?post=1587"},{"taxonomy":"ta_other","embeddable":true,"href":"https:\/\/www.chiesedisicilia.org\/chiesedisicilia\/news\/wp-json\/wp\/v2\/ta_other?post=1587"}],"curies":[{"name":"wp","href":"https:\/\/api.w.org\/{rel}","templated":true}]}}