{"id":1584,"date":"2014-05-08T09:40:00","date_gmt":"2014-05-08T07:40:00","guid":{"rendered":"http:\/\/wptestsite.tecnavia.com\/chiesedisicilia_clientsite\/news\/2014\/05\/08\/caltagirone-grazie-allimpegno-dei-fedeli-riapre-s-maria-maggiore\/"},"modified":"2018-11-09T11:00:36","modified_gmt":"2018-01-13T11:00:36","slug":"caltagirone-grazie-allimpegno-dei-fedeli-riapre-s-maria-maggiore","status":"publish","type":"post","link":"https:\/\/www.chiesedisicilia.org\/2014\/05\/08\/caltagirone-grazie-allimpegno-dei-fedeli-riapre-s-maria-maggiore\/","title":{"rendered":"CALTAGIRONE. GRAZIE ALL&#8217;IMPEGNO DEI FEDELI RIAPRE S. MARIA MAGGIORE"},"content":{"rendered":"<p class=\"MsoNoSpacing\"><span style=\"font-size: medium;\"><span style=\"font-family: 'Times New Roman';\">Venerd\u00ec 9 maggio, alle ore 19, con la Santa Messa presieduta da mons. Calogero Peri, vescovo di Caltagirone, sar\u00e0 riaperta, dopo otto anni dalla chiusura, la chiesa Santa Maria Maggiore. La parrocchia fu gravemente danneggiata dal terremoto di Santa Lucia, del 13 dicembre 1990 e per questo chiusa al culto. &#8220;La riapertura della chiesa &#8211; afferma mons. Peri &#8211; \u00e8 un esempio edificante per la nostra fede. Avremo la gioia di restituire ai fedeli questo luogo di culto, ma allo stesso tempo saremo richiamati dalle parole dell\u2019apostolo Pietro ad essere in Cristo pietre vive (cf. 1Pt 2,4-8) per la costruzione di un edificio spirituale (cf. 1Pt 2, 4) e per un sacerdozio santo (cf. 1Pt 2,5)&#8221;.<\/span><\/span><span style=\"font-size:12.0pt;font-family:\"Times New Roman\",\"serif\";\nmso-fareast-font-family:\"Times New Roman\"\"><o:p><\/o:p><\/span><\/p>\n<p class=\"MsoNoSpacing\"><span style=\"font-size: medium;\"><span style=\"font-family: 'Times New Roman';\">Santa Maria Maggiore sorge vicino ai ruderi del vecchio castello Ducezio, le sue origini risalirebbero agli albori del cristianesimo in Sicilia.<\/span><\/span><span style=\"font-size:12.0pt;font-family:\"Times New Roman\",\"serif\";\nmso-fareast-font-family:\"Times New Roman\"\"><o:p><\/o:p><\/span><\/p>\n<p class=\"MsoNoSpacing\"><span style=\"font-size: medium;\"><span style=\"font-family: 'Times New Roman';\">Nel tempo l\u2019edificio ha subito diverse trasformazioni, soprattutto a causa dei numerosi terremoti (1542, 1693, 1908, 1969), l\u2019ultimo dei quali \u00e8 il terremoto di Santa Lucia (1990).<\/span><\/span><span style=\"font-size:12.0pt;font-family:\"Times New Roman\",\"serif\";\nmso-fareast-font-family:\"Times New Roman\"\"><o:p><\/o:p><\/span><\/p>\n<p class=\"MsoNoSpacing\"><span style=\"font-size: medium;\"><span style=\"font-family: 'Times New Roman';\">&#8220;La comunit\u00e0 ritorna a casa e riafferma la sua identit\u00e0 &#8211; dichiara il parroco don Santo Galesi -. Questo \u00e8 per noi un motivo di grande gioia che segna la rinascita della comunit\u00e0 parrocchiale&#8221;.<\/span><\/span><span style=\"font-size:12.0pt;font-family:\"Times New Roman\",\"serif\";\nmso-fareast-font-family:\"Times New Roman\"\"><o:p><\/o:p><\/span><\/p>\n<p class=\"MsoNoSpacing\"><span style=\"font-size: medium;\"><span style=\"font-family: 'Times New Roman';\">Dopo i primi essenziali lavori eseguiti nell\u2019ambito delle misure di legge a favore delle zone colpite dal terremoto, la Chiesa \u00e8 stata dapprima riaperta in parte e poi nuovamente chiusa al culto nel 2006.<\/span><\/span><span style=\"font-size:12.0pt;font-family:\"Times New Roman\",\"serif\";\nmso-fareast-font-family:\"Times New Roman\"\"><o:p><\/o:p><\/span><\/p>\n<p class=\"MsoNoSpacing\"><span style=\"font-size: medium;\"><span style=\"font-family: 'Times New Roman';\">Inizia da qui un periodo difficile per la vita della parrocchia. Alcune attivit\u00e0, non senza difficolt\u00e0, vengono trasferite nella chiesa San Francesco. Il 18 gennaio 2007 sulla struttura vengono effettuati altri interventi, in particolare il consolidamento strutturale e il rifacimento dei tetti. Il 23 aprile 2010 la Protezione civile effettua il collaudo sui lavori realizzati. <\/span><\/span><span style=\"font-size:12.0pt;font-family:\"Times New Roman\",\"serif\";\nmso-fareast-font-family:\"Times New Roman\"\"><o:p><\/o:p><\/span><\/p>\n<p class=\"MsoNoSpacing\"><span style=\"font-size: medium;\"><span style=\"font-family: 'Times New Roman';\">Intanto nel 2008 i fedeli, riuniti attorno al parroco del tempo don Nunzio Valdini, costituiscono un comitato spontaneo che chiamano \u201cPro Restauro Santa Maria Maggiore\u201d. Il comitato si fa carico, subito dopo il collaudo dei lavori da parte della Protezione civile, di completare gli interventi in progetto, per i quali sarebbero stati necessari 250.000,00 euro.<\/span><\/span><span style=\"font-size:12.0pt;font-family:\"Times New Roman\",\"serif\";\nmso-fareast-font-family:\"Times New Roman\"\"><o:p><\/o:p><\/span><\/p>\n<p class=\"MsoNoSpacing\"><span style=\"font-size: medium;\"><span style=\"font-family: 'Times New Roman';\">Grazie alla generosit\u00e0 dei fedeli vengono raccolti 100.000,00 euro, e nel 2011 ripartono i lavori di completamento e vengono realizzati l\u2019impianto elettrico (a norma, eseguito da ditta specializzata), gli intonaci e l\u2019imbiancatura delle pareti della Chiesa.<\/span><\/span><span style=\"font-size:12.0pt;font-family:\"Times New Roman\",\"serif\";\nmso-fareast-font-family:\"Times New Roman\"\"><o:p><\/o:p><\/span><\/p>\n<p class=\"MsoNoSpacing\"><span style=\"font-size: medium;\"><span style=\"font-family: 'Times New Roman';\">Le opere sono state condotte e portate a termine da alcuni fedeli &#8220;che completata la loro giornata di lavoro &#8211; conclude don Galesi -, si sono dedicati volontariamente e con amore alla ricostruzione del luogo. \u00c8 un esempio bello ed ammirevole, e li ringrazio davvero per tutto quanto hanno fatto&#8221;. [01]<\/span><\/span><span style=\"font-size:12.0pt;font-family:\"Times New Roman\",\"serif\";\nmso-fareast-font-family:\"Times New Roman\"\"><o:p><\/o:p><\/span><\/p>\n","protected":false},"excerpt":{"rendered":"","protected":false},"author":1,"featured_media":0,"comment_status":"open","ping_status":"open","sticky":false,"template":"","format":"standard","meta":[],"categories":[30],"tags":[],"news-destination":[],"news-source":[],"is_homepage":[],"ta_other":[],"_links":{"self":[{"href":"https:\/\/www.chiesedisicilia.org\/chiesedisicilia\/news\/wp-json\/wp\/v2\/posts\/1584"}],"collection":[{"href":"https:\/\/www.chiesedisicilia.org\/chiesedisicilia\/news\/wp-json\/wp\/v2\/posts"}],"about":[{"href":"https:\/\/www.chiesedisicilia.org\/chiesedisicilia\/news\/wp-json\/wp\/v2\/types\/post"}],"author":[{"embeddable":true,"href":"https:\/\/www.chiesedisicilia.org\/chiesedisicilia\/news\/wp-json\/wp\/v2\/users\/1"}],"replies":[{"embeddable":true,"href":"https:\/\/www.chiesedisicilia.org\/chiesedisicilia\/news\/wp-json\/wp\/v2\/comments?post=1584"}],"version-history":[{"count":1,"href":"https:\/\/www.chiesedisicilia.org\/chiesedisicilia\/news\/wp-json\/wp\/v2\/posts\/1584\/revisions"}],"predecessor-version":[{"id":20068,"href":"https:\/\/www.chiesedisicilia.org\/chiesedisicilia\/news\/wp-json\/wp\/v2\/posts\/1584\/revisions\/20068"}],"wp:attachment":[{"href":"https:\/\/www.chiesedisicilia.org\/chiesedisicilia\/news\/wp-json\/wp\/v2\/media?parent=1584"}],"wp:term":[{"taxonomy":"category","embeddable":true,"href":"https:\/\/www.chiesedisicilia.org\/chiesedisicilia\/news\/wp-json\/wp\/v2\/categories?post=1584"},{"taxonomy":"post_tag","embeddable":true,"href":"https:\/\/www.chiesedisicilia.org\/chiesedisicilia\/news\/wp-json\/wp\/v2\/tags?post=1584"},{"taxonomy":"news-destination","embeddable":true,"href":"https:\/\/www.chiesedisicilia.org\/chiesedisicilia\/news\/wp-json\/wp\/v2\/news-destination?post=1584"},{"taxonomy":"news-source","embeddable":true,"href":"https:\/\/www.chiesedisicilia.org\/chiesedisicilia\/news\/wp-json\/wp\/v2\/news-source?post=1584"},{"taxonomy":"is_homepage","embeddable":true,"href":"https:\/\/www.chiesedisicilia.org\/chiesedisicilia\/news\/wp-json\/wp\/v2\/is_homepage?post=1584"},{"taxonomy":"ta_other","embeddable":true,"href":"https:\/\/www.chiesedisicilia.org\/chiesedisicilia\/news\/wp-json\/wp\/v2\/ta_other?post=1584"}],"curies":[{"name":"wp","href":"https:\/\/api.w.org\/{rel}","templated":true}]}}