{"id":1581,"date":"2014-04-23T15:23:00","date_gmt":"2014-04-23T13:23:00","guid":{"rendered":"http:\/\/wptestsite.tecnavia.com\/chiesedisicilia_clientsite\/news\/2014\/04\/23\/caltagirone-informazione-per-la-vita\/"},"modified":"2018-11-09T11:00:35","modified_gmt":"2018-01-13T11:00:35","slug":"caltagirone-informazione-per-la-vita","status":"publish","type":"post","link":"https:\/\/www.chiesedisicilia.org\/2014\/04\/23\/caltagirone-informazione-per-la-vita\/","title":{"rendered":"CALTAGIRONE. INFORMAZIONE PER LA VITA"},"content":{"rendered":"<div>Il 16 Maggio avr\u00e0 inzio il primo corso &#8220;Informazione per la Vita&#8221; organizzato \u00a0dal CAV (Centri di aiuto alla vita) di Caltagirone in collaborazione con l&#8217;Ufficio diocesano per la Famiglia e la Federvita Sicilia. Sette sono gli incontri previsti durante i quali verranno approfonditi gli aspetti antropologici, sociologici, motivazionali, metodologici e biblici attinenti alla difesa della vita e al servizio presso i CAV.<\/div>\n<div>\u00a0<\/div>\n<div>Ciascun incontro si svolger\u00e0 presso il Seminario estivo della diocesi. Il ciclo sar\u00e0 aperto il 16 Maggio daS.E. mons. Calogero Peri, vescovo di Caltagirone, che interverr\u00e0 sul tema Evangelium vitae: \u201cLa vita \u00e8 sempre un bene\u201d (n. 31); e Pina Petralia, presidente Federvita Sicilia, che presenter\u00e0 Il Movimento e il Centro di Aiuto alla vita e il Centro di Ascolto.<\/div>\n<div>\u00a0<\/div>\n<div>Per info e iscrizioni rivolgersi a: CAV Caltagirone, Discesa Sant\u2019Agata, 8 &#8211; il gioved\u00ec dalle ore 10.00 alle ore 12.00 &#8211; cell. 334.9891276 &#8211; e-mail cavcaltagirone.corsoformazione@gmail.com.<\/div>\n<div>\u00a0<\/div>\n<div>\u00a0<\/div>\n","protected":false},"excerpt":{"rendered":"","protected":false},"author":1,"featured_media":0,"comment_status":"open","ping_status":"open","sticky":false,"template":"","format":"standard","meta":[],"categories":[30],"tags":[],"news-destination":[],"news-source":[],"is_homepage":[],"ta_other":[],"_links":{"self":[{"href":"https:\/\/www.chiesedisicilia.org\/chiesedisicilia\/news\/wp-json\/wp\/v2\/posts\/1581"}],"collection":[{"href":"https:\/\/www.chiesedisicilia.org\/chiesedisicilia\/news\/wp-json\/wp\/v2\/posts"}],"about":[{"href":"https:\/\/www.chiesedisicilia.org\/chiesedisicilia\/news\/wp-json\/wp\/v2\/types\/post"}],"author":[{"embeddable":true,"href":"https:\/\/www.chiesedisicilia.org\/chiesedisicilia\/news\/wp-json\/wp\/v2\/users\/1"}],"replies":[{"embeddable":true,"href":"https:\/\/www.chiesedisicilia.org\/chiesedisicilia\/news\/wp-json\/wp\/v2\/comments?post=1581"}],"version-history":[{"count":1,"href":"https:\/\/www.chiesedisicilia.org\/chiesedisicilia\/news\/wp-json\/wp\/v2\/posts\/1581\/revisions"}],"predecessor-version":[{"id":20065,"href":"https:\/\/www.chiesedisicilia.org\/chiesedisicilia\/news\/wp-json\/wp\/v2\/posts\/1581\/revisions\/20065"}],"wp:attachment":[{"href":"https:\/\/www.chiesedisicilia.org\/chiesedisicilia\/news\/wp-json\/wp\/v2\/media?parent=1581"}],"wp:term":[{"taxonomy":"category","embeddable":true,"href":"https:\/\/www.chiesedisicilia.org\/chiesedisicilia\/news\/wp-json\/wp\/v2\/categories?post=1581"},{"taxonomy":"post_tag","embeddable":true,"href":"https:\/\/www.chiesedisicilia.org\/chiesedisicilia\/news\/wp-json\/wp\/v2\/tags?post=1581"},{"taxonomy":"news-destination","embeddable":true,"href":"https:\/\/www.chiesedisicilia.org\/chiesedisicilia\/news\/wp-json\/wp\/v2\/news-destination?post=1581"},{"taxonomy":"news-source","embeddable":true,"href":"https:\/\/www.chiesedisicilia.org\/chiesedisicilia\/news\/wp-json\/wp\/v2\/news-source?post=1581"},{"taxonomy":"is_homepage","embeddable":true,"href":"https:\/\/www.chiesedisicilia.org\/chiesedisicilia\/news\/wp-json\/wp\/v2\/is_homepage?post=1581"},{"taxonomy":"ta_other","embeddable":true,"href":"https:\/\/www.chiesedisicilia.org\/chiesedisicilia\/news\/wp-json\/wp\/v2\/ta_other?post=1581"}],"curies":[{"name":"wp","href":"https:\/\/api.w.org\/{rel}","templated":true}]}}