{"id":1577,"date":"2014-04-10T12:41:00","date_gmt":"2014-04-10T10:41:00","guid":{"rendered":"http:\/\/wptestsite.tecnavia.com\/chiesedisicilia_clientsite\/news\/2014\/04\/10\/caltagirone-via-crucis-del-lavoratore\/"},"modified":"2018-11-09T11:00:35","modified_gmt":"2018-01-13T11:00:35","slug":"caltagirone-via-crucis-del-lavoratore","status":"publish","type":"post","link":"https:\/\/www.chiesedisicilia.org\/2014\/04\/10\/caltagirone-via-crucis-del-lavoratore\/","title":{"rendered":"CALTAGIRONE. VIA CRUCIS DEL LAVORATORE"},"content":{"rendered":"<p class=\"MsoNoSpacing\"><span style=\"font-size: medium;\"><span style=\"font-family: 'Times New Roman';\">\u00c8 in programma gioved\u00ec 10 aprile alle ore18.30, presso la Parrocchia Ges\u00f9 Adolescente di Grammichele, e venerd\u00ec 11 aprile alle ore 19, presso la Parrocchia San Francesco di Paola a Caltagirone, la Via Crucis del lavoratore. <\/span><\/span><span style=\"font-size:12.0pt;font-family:\"Times New Roman\",\"serif\";\nmso-fareast-font-family:\"Times New Roman\"\"><o:p><\/o:p><\/span><\/p>\n<p class=\"MsoNoSpacing\"><span style=\"font-size: medium;\"><span style=\"font-family: 'Times New Roman';\">L\u2019iniziativa \u00e8 promossa, per la prima volta in Diocesi, dall\u2019Ufficio diocesano per la Pastorale Sociale e del Lavoro (Psl) e la Caritas diocesana, in collaborazione con il Progetto Policoro.<\/span><\/span><span style=\"font-size:12.0pt;font-family:\"Times New Roman\",\"serif\";\nmso-fareast-font-family:\"Times New Roman\"\"><o:p><\/o:p><\/span><\/p>\n<p class=\"MsoNoSpacing\"><span style=\"font-size: medium;\"><span style=\"font-family: 'Times New Roman';\">Le meditazioni sulla Via Crucis del lavoratore guideranno la riflessione non solo sulla passione di Cristo, ma anche sulla sofferenza di chi \u00e8 senza lavoro, di chi \u00e8 pi\u00f9 fragile, di chi \u00e8 emarginato nella societ\u00e0.<\/span><\/span><span style=\"font-size:12.0pt;font-family:\"Times New Roman\",\"serif\";\nmso-fareast-font-family:\"Times New Roman\"\"><o:p><\/o:p><\/span><\/p>\n<p class=\"MsoNoSpacing\"><span style=\"font-size: medium;\"><span style=\"font-family: 'Times New Roman';\">&#8220;Con questo momento di preghiera e di meditazione &#8211; spiega don Tino Zappulla, direttore Psl -, vogliamo sottolineare l\u2019importanza che le nostre comunit\u00e0 e la Chiesa attribuisce al mondo del lavoro. In un tempo di grandi difficolt\u00e0 e di precariet\u00e0 vogliamo riflettere mediante le stazioni della Via Crucis sul lavoro e sulla sua dignit\u00e0. Ci auguriamo che l\u2019iniziativa possa estendersi gradualmente in altre Parrocchie della Diocesi consapevoli che le problematiche sociali sono il risvolto concreto della fede professata e del Vangelo annunciato e accolto&#8221;.<\/span><\/span><span style=\"font-size:12.0pt;font-family:\"Times New Roman\",\"serif\";\nmso-fareast-font-family:\"Times New Roman\"\"><o:p><\/o:p><\/span><\/p>\n<p class=\"MsoNoSpacing\"><span style=\"font-size: medium;\"><span style=\"font-family: 'Times New Roman';\">Aggiunge don Luciano Di Silvestro, direttore della Caritas diocesana: &#8220;<span style=\"background-color: rgb(249, 249, 249);\"> Ogni giorno sono a contatto con la sofferenza di molti. La loro richiesta d\u2019aiuto non si riferisce solo ai problemi economici, ma soprattutto alla loro dignit\u00e0: chiedono un lavoro. La Via Crucis del lavoratore vuole essere una opportunit\u00e0 non solo per meditare insieme alla scuola di Ges\u00f9, ma anche per educare le nostre comunit\u00e0 ad un maggiore protagonismo nella carit\u00e0, promuovendo una nuova cultura del lavoro lontana dalle forme di assistenzialismo. In questo un valido aiuto per tutti \u00e8 il Progetto Policoro, che incoraggia i giovani ad investire sul proprio futuro a partire dalle loro potenzialit\u00e0&#8221;. [01]<\/span><\/span><\/span><span style=\"font-size:12.0pt;font-family:\"Times New Roman\",\"serif\";\nmso-fareast-font-family:\"Times New Roman\"\"><span style=\"background-color: rgb(249, 249, 249); background-position: initial initial; background-repeat: initial initial;\"><o:p><\/o:p><\/span><\/span><\/p>\n","protected":false},"excerpt":{"rendered":"","protected":false},"author":1,"featured_media":0,"comment_status":"open","ping_status":"open","sticky":false,"template":"","format":"standard","meta":[],"categories":[30],"tags":[],"news-destination":[],"news-source":[],"is_homepage":[],"ta_other":[],"_links":{"self":[{"href":"https:\/\/www.chiesedisicilia.org\/chiesedisicilia\/news\/wp-json\/wp\/v2\/posts\/1577"}],"collection":[{"href":"https:\/\/www.chiesedisicilia.org\/chiesedisicilia\/news\/wp-json\/wp\/v2\/posts"}],"about":[{"href":"https:\/\/www.chiesedisicilia.org\/chiesedisicilia\/news\/wp-json\/wp\/v2\/types\/post"}],"author":[{"embeddable":true,"href":"https:\/\/www.chiesedisicilia.org\/chiesedisicilia\/news\/wp-json\/wp\/v2\/users\/1"}],"replies":[{"embeddable":true,"href":"https:\/\/www.chiesedisicilia.org\/chiesedisicilia\/news\/wp-json\/wp\/v2\/comments?post=1577"}],"version-history":[{"count":1,"href":"https:\/\/www.chiesedisicilia.org\/chiesedisicilia\/news\/wp-json\/wp\/v2\/posts\/1577\/revisions"}],"predecessor-version":[{"id":20062,"href":"https:\/\/www.chiesedisicilia.org\/chiesedisicilia\/news\/wp-json\/wp\/v2\/posts\/1577\/revisions\/20062"}],"wp:attachment":[{"href":"https:\/\/www.chiesedisicilia.org\/chiesedisicilia\/news\/wp-json\/wp\/v2\/media?parent=1577"}],"wp:term":[{"taxonomy":"category","embeddable":true,"href":"https:\/\/www.chiesedisicilia.org\/chiesedisicilia\/news\/wp-json\/wp\/v2\/categories?post=1577"},{"taxonomy":"post_tag","embeddable":true,"href":"https:\/\/www.chiesedisicilia.org\/chiesedisicilia\/news\/wp-json\/wp\/v2\/tags?post=1577"},{"taxonomy":"news-destination","embeddable":true,"href":"https:\/\/www.chiesedisicilia.org\/chiesedisicilia\/news\/wp-json\/wp\/v2\/news-destination?post=1577"},{"taxonomy":"news-source","embeddable":true,"href":"https:\/\/www.chiesedisicilia.org\/chiesedisicilia\/news\/wp-json\/wp\/v2\/news-source?post=1577"},{"taxonomy":"is_homepage","embeddable":true,"href":"https:\/\/www.chiesedisicilia.org\/chiesedisicilia\/news\/wp-json\/wp\/v2\/is_homepage?post=1577"},{"taxonomy":"ta_other","embeddable":true,"href":"https:\/\/www.chiesedisicilia.org\/chiesedisicilia\/news\/wp-json\/wp\/v2\/ta_other?post=1577"}],"curies":[{"name":"wp","href":"https:\/\/api.w.org\/{rel}","templated":true}]}}