{"id":1572,"date":"2014-03-19T11:39:00","date_gmt":"2014-03-19T10:39:00","guid":{"rendered":"http:\/\/wptestsite.tecnavia.com\/chiesedisicilia_clientsite\/news\/2014\/03\/19\/caltagirone-impegnamoci-per-dare-un-volto-nuovo-alla-comunita\/"},"modified":"2018-11-09T11:00:35","modified_gmt":"2018-01-13T11:00:35","slug":"caltagirone-impegnamoci-per-dare-un-volto-nuovo-alla-comunita","status":"publish","type":"post","link":"https:\/\/www.chiesedisicilia.org\/2014\/03\/19\/caltagirone-impegnamoci-per-dare-un-volto-nuovo-alla-comunita\/","title":{"rendered":"CALTAGIRONE. &#8220;IMPEGNAMOCI PER DARE UN VOLTO NUOVO ALLA COMUNITA&#8221;"},"content":{"rendered":"<div>\u00abSono trascorsi quattro anni, molto intensi. Dopo le primissime conoscenze e le prime impressioni vogliamo, adesso, impegnarci insieme per dare un nuovo volto missionario alla nostra comunit\u00e0 diocesana. Questa \u00e8 una grande opportunit\u00e0, ma \u00e8 anche un\u2019urgenza per noi e in questo tempo particolare. Dalla Chiesa, in molti, si attendono tanto: dal lavoro alla famiglia, dal Muos al Cara\u2026 Abbiamo fatto tanto, ma non dobbiamo dormire sugli allori, anzi siamo invitati ad un discernimento comunitario per leggere i segni dei tempi, e comprendere dove lo Spirito ci vuole condurre\u00bb.<\/div>\n<div>\u00a0<\/div>\n<div>Cos\u00ec mons. Calogero Peri, vescovo di Caltagirone, a commento del IV anniversario della sua ordinazione episcopale e dell&#8217;inizio del suo ministero nella diocesi calatina.<\/div>\n<div>La comunit\u00e0 intera ha espresso la sua gioia per bocca del vicario\u00a0generale don Gianni Zavattieri. \u00abQuesta bella e felice occasione &#8211; afferma &#8211; serve a scoprire ancora una volta e ribadire quel sentimento forte della nostra appartenenza a questa Chiesa che solo nell\u2019obbediente comunione col Vescovo trova il segno evangelico che si fa impegno personale e comunitario di conversione e dedizione alla causa del Regno\u00bb.<\/div>\n<div>\u00a0<\/div>\n<div>Per la ricorrenza mercoled\u00ec 20 marzo, alle ore 19.00, in Cattedrale, mons. Peri presieder\u00e0 la solenne liturgia eucaristica,\u00a0durante la quale saranno ammessi tra i candidati all\u2019ordine sacro i seminaristi Giovanni Simone Noto, della Parrocchia Santa Maria Maggiore di Mineo, e Raffaele Novello, della Parrocchia Spirito Santo di Grammichele.<\/div>\n<div>\u00a0<\/div>\n<div>\u00a0<\/div>\n","protected":false},"excerpt":{"rendered":"","protected":false},"author":1,"featured_media":0,"comment_status":"open","ping_status":"open","sticky":false,"template":"","format":"standard","meta":[],"categories":[30],"tags":[],"news-destination":[],"news-source":[],"is_homepage":[],"ta_other":[],"_links":{"self":[{"href":"https:\/\/www.chiesedisicilia.org\/chiesedisicilia\/news\/wp-json\/wp\/v2\/posts\/1572"}],"collection":[{"href":"https:\/\/www.chiesedisicilia.org\/chiesedisicilia\/news\/wp-json\/wp\/v2\/posts"}],"about":[{"href":"https:\/\/www.chiesedisicilia.org\/chiesedisicilia\/news\/wp-json\/wp\/v2\/types\/post"}],"author":[{"embeddable":true,"href":"https:\/\/www.chiesedisicilia.org\/chiesedisicilia\/news\/wp-json\/wp\/v2\/users\/1"}],"replies":[{"embeddable":true,"href":"https:\/\/www.chiesedisicilia.org\/chiesedisicilia\/news\/wp-json\/wp\/v2\/comments?post=1572"}],"version-history":[{"count":1,"href":"https:\/\/www.chiesedisicilia.org\/chiesedisicilia\/news\/wp-json\/wp\/v2\/posts\/1572\/revisions"}],"predecessor-version":[{"id":20055,"href":"https:\/\/www.chiesedisicilia.org\/chiesedisicilia\/news\/wp-json\/wp\/v2\/posts\/1572\/revisions\/20055"}],"wp:attachment":[{"href":"https:\/\/www.chiesedisicilia.org\/chiesedisicilia\/news\/wp-json\/wp\/v2\/media?parent=1572"}],"wp:term":[{"taxonomy":"category","embeddable":true,"href":"https:\/\/www.chiesedisicilia.org\/chiesedisicilia\/news\/wp-json\/wp\/v2\/categories?post=1572"},{"taxonomy":"post_tag","embeddable":true,"href":"https:\/\/www.chiesedisicilia.org\/chiesedisicilia\/news\/wp-json\/wp\/v2\/tags?post=1572"},{"taxonomy":"news-destination","embeddable":true,"href":"https:\/\/www.chiesedisicilia.org\/chiesedisicilia\/news\/wp-json\/wp\/v2\/news-destination?post=1572"},{"taxonomy":"news-source","embeddable":true,"href":"https:\/\/www.chiesedisicilia.org\/chiesedisicilia\/news\/wp-json\/wp\/v2\/news-source?post=1572"},{"taxonomy":"is_homepage","embeddable":true,"href":"https:\/\/www.chiesedisicilia.org\/chiesedisicilia\/news\/wp-json\/wp\/v2\/is_homepage?post=1572"},{"taxonomy":"ta_other","embeddable":true,"href":"https:\/\/www.chiesedisicilia.org\/chiesedisicilia\/news\/wp-json\/wp\/v2\/ta_other?post=1572"}],"curies":[{"name":"wp","href":"https:\/\/api.w.org\/{rel}","templated":true}]}}